{"id":32374,"date":"2024-10-21T20:42:00","date_gmt":"2024-10-21T20:42:00","guid":{"rendered":"http:\/\/freelance-mty.com\/?p=32374"},"modified":"2024-10-22T18:08:13","modified_gmt":"2024-10-22T18:08:13","slug":"aprueba-congreso-crear-comision-especial-para-la-conmemoracion-del-bicentenario-constitucional","status":"publish","type":"post","link":"http:\/\/freelance-mty.com\/?p=32374","title":{"rendered":"APRUEBA CONGRESO CREAR \u00abCOMISI\u00d3N ESPECIAL PARA LA CONMEMORACI\u00d3N DEL BICENTENARIO CONSTITUCIONAL\u00bb"},"content":{"rendered":"\n<p>A propuesta del Diputado H\u00e9ctor Morales Rivera, el Congreso local aprob\u00f3 por unanimidad crear la \u00abComisi\u00f3n Especial para la Conmemoraci\u00f3n del Bicentenario de la Constituci\u00f3n de Nuevo Le\u00f3n\u00bb.<\/p>\n\n\n\n<p>El legislador detall\u00f3 que la comisi\u00f3n especial tendr\u00e1 el objetivo de organizar, programar, coordinar y realizar todo tipo de acciones tendientes a la conmemoraci\u00f3n del bicentenario constitucional de Nuevo Le\u00f3n.<\/p>\n\n\n\n<p>\u00abProponer declarar el a\u00f1o 2025 como A\u00f1o del Bicentenario de la vida Constitucional de Nuevo Le\u00f3n a la vez proponer inscribir con letras \u00e1ureas en los murales del recinto legislativo \u00b4Se declara el 2025, como a\u00f1o del Bicentenario Constitucional de Nuevo Le\u00f3n\u00b4\u00bb, plante\u00f3.<\/p>\n\n\n\n<p>\u00abSe busca elaborar y proponer una agenda conmemorativa del texto constitucional y una exposici\u00f3n gr\u00e1fica itinerante que recorrer\u00e1 los 51 Municipios de Nuevo Le\u00f3n y cualquier entidad del pa\u00eds; as\u00ed como proponer la realizaci\u00f3n de una edici\u00f3n conmemorativa del texto constitucional\u00bb, apunt\u00f3.<\/p>\n\n\n\n<p>Morales Rivera tambi\u00e9n propuso que se convoque a las reuniones y mesas de trabajo, que se estimen pertinentes entre el Congreso del Estado de Nuevo Le\u00f3n e instituciones acad\u00e9micas, as\u00ed como autoridades correspondientes y sociedad civil.<\/p>\n\n\n\n<p>\u00abFomentar el conocimiento y la difusi\u00f3n de la historia y los valores de los textos constitucionales de Nuevo Le\u00f3n. Solicitar y proponer las sesiones y espacios solemnes que se estimen pertinentes\u00bb, apunt\u00f3.<\/p>\n\n\n\n<p>La Comisi\u00f3n de Coordinaci\u00f3n y R\u00e9gimen Interno deber\u00e1 presentar al Pleno del Poder Legislativo la propuesta de integraci\u00f3n de la referida Comisi\u00f3n Especial.<\/p>\n","protected":false},"excerpt":{"rendered":"<p>A propuesta del Diputado H\u00e9ctor Morales Rivera, el Congreso local aprob\u00f3 por unanimidad crear la \u00abComisi\u00f3n Especial para la Conmemoraci\u00f3n&#8230;<\/p>\n","protected":false},"author":1,"featured_media":32377,"comment_status":"open","ping_status":"open","sticky":false,"template":"","format":"standard","meta":[],"categories":[7],"tags":[],"_links":{"self":[{"href":"http:\/\/freelance-mty.com\/index.php?rest_route=\/wp\/v2\/posts\/32374"}],"collection":[{"href":"http:\/\/freelance-mty.com\/index.php?rest_route=\/wp\/v2\/posts"}],"about":[{"href":"http:\/\/freelance-mty.com\/index.php?rest_route=\/wp\/v2\/types\/post"}],"author":[{"embeddable":true,"href":"http:\/\/freelance-mty.com\/index.php?rest_route=\/wp\/v2\/users\/1"}],"replies":[{"embeddable":true,"href":"http:\/\/freelance-mty.com\/index.php?rest_route=%2Fwp%2Fv2%2Fcomments&post=32374"}],"version-history":[{"count":1,"href":"http:\/\/freelance-mty.com\/index.php?rest_route=\/wp\/v2\/posts\/32374\/revisions"}],"predecessor-version":[{"id":32375,"href":"http:\/\/freelance-mty.com\/index.php?rest_route=\/wp\/v2\/posts\/32374\/revisions\/32375"}],"wp:featuredmedia":[{"embeddable":true,"href":"http:\/\/freelance-mty.com\/index.php?rest_route=\/wp\/v2\/media\/32377"}],"wp:attachment":[{"href":"http:\/\/freelance-mty.com\/index.php?rest_route=%2Fwp%2Fv2%2Fmedia&parent=32374"}],"wp:term":[{"taxonomy":"category","embeddable":true,"href":"http:\/\/freelance-mty.com\/index.php?rest_route=%2Fwp%2Fv2%2Fcategories&post=32374"},{"taxonomy":"post_tag","embeddable":true,"href":"http:\/\/freelance-mty.com\/index.php?rest_route=%2Fwp%2Fv2%2Ftags&post=32374"}],"curies":[{"name":"wp","href":"https:\/\/api.w.org\/{rel}","templated":true}]}}