{"id":32461,"date":"2024-10-23T21:33:00","date_gmt":"2024-10-23T21:33:00","guid":{"rendered":"http:\/\/freelance-mty.com\/?p=32461"},"modified":"2024-10-24T10:34:04","modified_gmt":"2024-10-24T10:34:04","slug":"llama-perla-villarreal-a-dar-mantenimiento-a-panteones","status":"publish","type":"post","link":"http:\/\/freelance-mty.com\/?p=32461","title":{"rendered":"LLAMA PERLA VILLARREAL A DAR MANTENIMIENTO A PANTEONES"},"content":{"rendered":"\n<p><\/p>\n\n\n\n<p>En la v\u00edspera de la celebraci\u00f3n del D\u00eda de Muertos, la Coordinadora del Grupo Legislativo del PRD, Perla Villarreal Valdez exhort\u00f3 a los 51 municipios del Estado para que brinden mantenimiento oportuno a los panteones p\u00fablicos.<\/p>\n\n\n\n<p>La Coordinadora del PRD pidi\u00f3 a las autoridades que retiren toda la maleza, implementen las medidas de seguridad para evitar que la gente caiga en fosas abiertas, realicen operativos de fumigaci\u00f3n y se coordinen con los due\u00f1os de panteones privados para que den el mantenimiento propicio a sus instalaciones.<\/p>\n\n\n\n<p>\u201cNos han llegado reportes de vecinos donde nos comentan que es necesario dar mantenimiento a los panteones, ya que, debido a las recientes lluvias ha crecido el zacate y la maleza en los corredores que dan acceso a las tumbas, y esto podr\u00eda dificultar que las personas pudieran visitar con tranquilidad a sus seres queridos\u201d, manifest\u00f3.<\/p>\n\n\n\n<p>\u201cAdem\u00e1s de que correr\u00edan el riesgo de contraer alg\u00fan virus por la picadura de los insectos que se encuentran entre la maleza\u201d, a\u00f1adi\u00f3.<\/p>\n\n\n\n<p>Destac\u00f3 que, en M\u00e9xico, es com\u00fan que los camposantos sean concurridos el D\u00eda de los Muertos donde hay aglomeraciones por lo que deben estar en las condiciones propicias para recibir a cada visitante.<\/p>\n\n\n\n<p>\u201cEs necesario e importante que los panteones p\u00fablicos y privados cuenten con el mantenimiento adecuado ya que se aproxima el D\u00eda de Muertos y seguramente las personas acudir\u00e1n a dejar flores a sus difuntos\u201d, explic\u00f3 Villarreal Valdez.<\/p>\n","protected":false},"excerpt":{"rendered":"<p>En la v\u00edspera de la celebraci\u00f3n del D\u00eda de Muertos, la Coordinadora del Grupo Legislativo del PRD, Perla Villarreal Valdez&#8230;<\/p>\n","protected":false},"author":1,"featured_media":32464,"comment_status":"open","ping_status":"open","sticky":false,"template":"","format":"standard","meta":[],"categories":[7],"tags":[],"_links":{"self":[{"href":"http:\/\/freelance-mty.com\/index.php?rest_route=\/wp\/v2\/posts\/32461"}],"collection":[{"href":"http:\/\/freelance-mty.com\/index.php?rest_route=\/wp\/v2\/posts"}],"about":[{"href":"http:\/\/freelance-mty.com\/index.php?rest_route=\/wp\/v2\/types\/post"}],"author":[{"embeddable":true,"href":"http:\/\/freelance-mty.com\/index.php?rest_route=\/wp\/v2\/users\/1"}],"replies":[{"embeddable":true,"href":"http:\/\/freelance-mty.com\/index.php?rest_route=%2Fwp%2Fv2%2Fcomments&post=32461"}],"version-history":[{"count":1,"href":"http:\/\/freelance-mty.com\/index.php?rest_route=\/wp\/v2\/posts\/32461\/revisions"}],"predecessor-version":[{"id":32462,"href":"http:\/\/freelance-mty.com\/index.php?rest_route=\/wp\/v2\/posts\/32461\/revisions\/32462"}],"wp:featuredmedia":[{"embeddable":true,"href":"http:\/\/freelance-mty.com\/index.php?rest_route=\/wp\/v2\/media\/32464"}],"wp:attachment":[{"href":"http:\/\/freelance-mty.com\/index.php?rest_route=%2Fwp%2Fv2%2Fmedia&parent=32461"}],"wp:term":[{"taxonomy":"category","embeddable":true,"href":"http:\/\/freelance-mty.com\/index.php?rest_route=%2Fwp%2Fv2%2Fcategories&post=32461"},{"taxonomy":"post_tag","embeddable":true,"href":"http:\/\/freelance-mty.com\/index.php?rest_route=%2Fwp%2Fv2%2Ftags&post=32461"}],"curies":[{"name":"wp","href":"https:\/\/api.w.org\/{rel}","templated":true}]}}