{"id":32479,"date":"2024-10-25T21:57:48","date_gmt":"2024-10-25T21:57:48","guid":{"rendered":"http:\/\/freelance-mty.com\/?p=32479"},"modified":"2024-10-25T21:59:12","modified_gmt":"2024-10-25T21:59:12","slug":"suman-14-detenciones-tras-operativo-de-coordinacion-metropolitana","status":"publish","type":"post","link":"http:\/\/freelance-mty.com\/?p=32479","title":{"rendered":"Suman 14 detenciones tras Operativo de Coordinaci\u00f3n Metropolitana"},"content":{"rendered":"\n<p>Como parte de las estrategias de coordinaci\u00f3n entre la Federaci\u00f3n, Estado y Municipios; en una semana se realizaron 14 detenciones de objetivos prioritarios.<\/p>\n\n\n\n<p>En la sesi\u00f3n de este viernes de la Mesa de Construcci\u00f3n de Paz, el titular de Fuerza Civil, Gerardo G. Escamilla Vargas, detall\u00f3 que estas acciones son el resultado de dos importantes ejes que son clave para la contenci\u00f3n de hechos violentos.<\/p>\n\n\n\n<p>\u201cEstamos trabajando en dos ejes en territorio de Nuevo Le\u00f3n. El primer eje es el Operativo Muralla, que tiene un enfoque de coordinarnos con municipios rurales y fuerzas federales, para detectar grupos que pretenden ingresar. El segundo eje es el Grupo de Coordinaci\u00f3n Metropolitana, que consiste en el intercambio de informaci\u00f3n para labores de investigaci\u00f3n e inteligencia; con ello, tendremos mayores resultados para detectar generadores de violencia al interior de la zona metropolitana y neutralizarlos con operativos espec\u00edficos\u201d, explic\u00f3.<\/p>\n\n\n\n<p>Esta semana el Operativo de \u201cCoordinaci\u00f3n Metropolitana\u201d destac\u00f3 14 detenciones; de las cuales ocho fueron en Monterrey, dos en Ju\u00e1rez, una en Guadalupe, Garc\u00eda, San Nicol\u00e1s y Zuazua; destacando esta \u00faltima por la captura de un objetivo prioritario a quien se presume es probable responsable de la privaci\u00f3n ilegal de la libertad de un polic\u00eda de Fuerza Civil.<\/p>\n\n\n\n<p>En cuanto al \u201cOperativo Muralla\u201d se desarrollaron dos despliegues estrat\u00e9gicos: el primer evento ocurri\u00f3 el martes en General Ter\u00e1n con un saldo de tres personas detenidas, tres delincuentes abatidos y el aseguramiento de tres veh\u00edculos; adem\u00e1s de arsenal y equipo t\u00e1ctico.<\/p>\n\n\n\n<p>Mientras que la segunda intervenci\u00f3n sucedi\u00f3 el jueves en Linares, en la cual se logr\u00f3 el decomiso de dos camionetas y equipo t\u00e1ctico.<\/p>\n\n\n\n<p>Con estas acciones, se demuestra el compromiso pactado por los tres ejes de seguridad para mantener el estado de derecho y la paz en Nuevo Le\u00f3n.<\/p>\n","protected":false},"excerpt":{"rendered":"<p>Como parte de las estrategias de coordinaci\u00f3n entre la Federaci\u00f3n, Estado y Municipios; en una semana se realizaron 14 detenciones&#8230;<\/p>\n","protected":false},"author":1,"featured_media":0,"comment_status":"open","ping_status":"open","sticky":false,"template":"","format":"standard","meta":[],"categories":[1],"tags":[],"_links":{"self":[{"href":"http:\/\/freelance-mty.com\/index.php?rest_route=\/wp\/v2\/posts\/32479"}],"collection":[{"href":"http:\/\/freelance-mty.com\/index.php?rest_route=\/wp\/v2\/posts"}],"about":[{"href":"http:\/\/freelance-mty.com\/index.php?rest_route=\/wp\/v2\/types\/post"}],"author":[{"embeddable":true,"href":"http:\/\/freelance-mty.com\/index.php?rest_route=\/wp\/v2\/users\/1"}],"replies":[{"embeddable":true,"href":"http:\/\/freelance-mty.com\/index.php?rest_route=%2Fwp%2Fv2%2Fcomments&post=32479"}],"version-history":[{"count":1,"href":"http:\/\/freelance-mty.com\/index.php?rest_route=\/wp\/v2\/posts\/32479\/revisions"}],"predecessor-version":[{"id":32480,"href":"http:\/\/freelance-mty.com\/index.php?rest_route=\/wp\/v2\/posts\/32479\/revisions\/32480"}],"wp:attachment":[{"href":"http:\/\/freelance-mty.com\/index.php?rest_route=%2Fwp%2Fv2%2Fmedia&parent=32479"}],"wp:term":[{"taxonomy":"category","embeddable":true,"href":"http:\/\/freelance-mty.com\/index.php?rest_route=%2Fwp%2Fv2%2Fcategories&post=32479"},{"taxonomy":"post_tag","embeddable":true,"href":"http:\/\/freelance-mty.com\/index.php?rest_route=%2Fwp%2Fv2%2Ftags&post=32479"}],"curies":[{"name":"wp","href":"https:\/\/api.w.org\/{rel}","templated":true}]}}