{"id":32656,"date":"2024-10-31T22:23:30","date_gmt":"2024-10-31T22:23:30","guid":{"rendered":"http:\/\/freelance-mty.com\/?p=32656"},"modified":"2024-11-01T18:16:05","modified_gmt":"2024-11-01T18:16:05","slug":"arranca-monterrey-programa-de-delimitacion-de-carriles-y-cruces-peatonales-en-el-centro","status":"publish","type":"post","link":"http:\/\/freelance-mty.com\/?p=32656","title":{"rendered":"Arranca Monterrey Programa de delimitaci\u00f3n de carriles y cruces peatonales en el Centro"},"content":{"rendered":"\n<p><strong>31 de octubre de 2024<\/strong><\/p>\n\n\n\n<p><\/p>\n\n\n\n<p>\u00b7&nbsp;&nbsp;&nbsp;&nbsp;&nbsp;&nbsp;&nbsp;&nbsp;&nbsp;<em>Se busca dotar a la ciudadan\u00eda de una movilidad segura y sostenible que proteja la vida de los usuarios.<\/em><\/p>\n\n\n\n<p>Con el objetivo de promover una cultura vial y reducir el riesgo de accidentes en el centro de Monterrey, la Secretar\u00eda de Desarrollo Urbano Sostenible arranc\u00f3 el Programa para la delimitaci\u00f3n de carriles y cruces peatonales en el primer cuadro.<\/p>\n\n\n\n<p>Los trabajos iniciaron durante la noche en el &nbsp;&nbsp;cruce de avenida Pino Su\u00e1rez e Isaac Garza.<\/p>\n\n\n\n<p>Este esfuerzo se enmarca en el compromiso de la Administraci\u00f3n municipal con la Agenda 2030 para el Desarrollo Sostenible y el segundo decenio de acci\u00f3n para la seguridad vial 2021-2030.<\/p>\n\n\n\n<p>Las actividades fueron encabezadas por Juan Carlos Ruiz Garc\u00eda, Director General de Movilidad y Espacio P\u00fablico y por Emmanuel Acevedo Ojeda, Director de Seguridad Vial.<\/p>\n\n\n\n<p>Con el programa se pretende proteger la vida de conductores, ciclistas, motociclistas y peatones.<\/p>\n\n\n\n<p>Por eso, se inici\u00f3 con el mantenimiento de cruces peatonales y la reubicaci\u00f3n de l\u00edneas de alto, ajustando su posici\u00f3n para una mayor seguridad y mejor visibilidad de sem\u00e1foros para los conductores.<\/p>\n\n\n\n<p>Para este trabajo se emplea pintura termopl\u00e1stica que tiene mayor duraci\u00f3n y refleja la luz en condiciones de neblina y oscuridad.<\/p>\n\n\n\n<p>La instrucci\u00f3n del alcalde Adri\u00e1n de la Garza es conformar una ciudad con infraestructura que permita una movilidad segura y sostenible en beneficio de todos sus habitantes.&#8211;<\/p>\n","protected":false},"excerpt":{"rendered":"<p>31 de octubre de 2024 \u00b7&nbsp;&nbsp;&nbsp;&nbsp;&nbsp;&nbsp;&nbsp;&nbsp;&nbsp;Se busca dotar a la ciudadan\u00eda de una movilidad segura y sostenible que proteja la&#8230;<\/p>\n","protected":false},"author":1,"featured_media":0,"comment_status":"open","ping_status":"open","sticky":false,"template":"","format":"standard","meta":[],"categories":[1],"tags":[],"_links":{"self":[{"href":"http:\/\/freelance-mty.com\/index.php?rest_route=\/wp\/v2\/posts\/32656"}],"collection":[{"href":"http:\/\/freelance-mty.com\/index.php?rest_route=\/wp\/v2\/posts"}],"about":[{"href":"http:\/\/freelance-mty.com\/index.php?rest_route=\/wp\/v2\/types\/post"}],"author":[{"embeddable":true,"href":"http:\/\/freelance-mty.com\/index.php?rest_route=\/wp\/v2\/users\/1"}],"replies":[{"embeddable":true,"href":"http:\/\/freelance-mty.com\/index.php?rest_route=%2Fwp%2Fv2%2Fcomments&post=32656"}],"version-history":[{"count":1,"href":"http:\/\/freelance-mty.com\/index.php?rest_route=\/wp\/v2\/posts\/32656\/revisions"}],"predecessor-version":[{"id":32657,"href":"http:\/\/freelance-mty.com\/index.php?rest_route=\/wp\/v2\/posts\/32656\/revisions\/32657"}],"wp:attachment":[{"href":"http:\/\/freelance-mty.com\/index.php?rest_route=%2Fwp%2Fv2%2Fmedia&parent=32656"}],"wp:term":[{"taxonomy":"category","embeddable":true,"href":"http:\/\/freelance-mty.com\/index.php?rest_route=%2Fwp%2Fv2%2Fcategories&post=32656"},{"taxonomy":"post_tag","embeddable":true,"href":"http:\/\/freelance-mty.com\/index.php?rest_route=%2Fwp%2Fv2%2Ftags&post=32656"}],"curies":[{"name":"wp","href":"https:\/\/api.w.org\/{rel}","templated":true}]}}