{"id":32731,"date":"2024-11-04T11:20:00","date_gmt":"2024-11-04T11:20:00","guid":{"rendered":"http:\/\/freelance-mty.com\/?p=32731"},"modified":"2024-11-04T23:21:44","modified_gmt":"2024-11-04T23:21:44","slug":"melisa-pena-solicita-la-reconstruccion-de-la-carretera-monclova","status":"publish","type":"post","link":"http:\/\/freelance-mty.com\/?p=32731","title":{"rendered":"Melisa Pe\u00f1a solicita la reconstrucci\u00f3n de la Carretera Monclova"},"content":{"rendered":"\n<p><\/p>\n\n\n\n<p>La diputada Melisa Pe\u00f1a, representante del Valle de las Salinas, present\u00f3 un exhorto a la Secretar\u00eda de Hacienda y Cr\u00e9dito P\u00fablico (SHCP) para que priorice en el presupuesto de 2025 la reconstrucci\u00f3n total de la Carretera Federal 53, conocida como la Carretera Monclova, especialmente en el tramo correspondiente al estado de Nuevo Le\u00f3n.<\/p>\n\n\n\n<p>La legisladora de la bancada de Movimiento Ciudadano destac\u00f3 la importancia estrat\u00e9gica de esta v\u00eda, que conecta a las ciudades de Monclova, en Coahuila, y Monterrey, en Nuevo Le\u00f3n.<\/p>\n\n\n\n<p>\u201cCon un recorrido de aproximadamente 153 kil\u00f3metros, la Carretera Monclova es una ruta clave para el tr\u00e1nsito de personas y mercanc\u00edas en el noreste de M\u00e9xico. Sin embargo, el tramo que cruza por los municipios de El Carmen, Abasolo, Hidalgo y Mina se encuentra en p\u00e9simas condiciones, lo que ha generado problemas de seguridad y graves accidentes\u201d, se\u00f1al\u00f3 Melisa Pe\u00f1a.<\/p>\n\n\n\n<p>\u201cEl deterioro de la carpeta asf\u00e1ltica, llena de baches, representa un riesgo constante para los conductores. A diario se registran embotellamientos, accidentes e incluso p\u00e9rdidas humanas y econ\u00f3micas\u00bb, expres\u00f3 la legisladora, quien hizo un llamado urgente para destinar recursos a su rehabilitaci\u00f3n completa.<\/p>\n\n\n\n<p>El exhorto enfatiza que la mejora en la infraestructura vial es crucial para asegurar la movilidad y el transporte eficiente de productos. Una carretera en buenas condiciones no solo facilita la conectividad entre entidades federativas, sino que tambi\u00e9n impulsa la econom\u00eda regional, atrayendo inversi\u00f3n y favoreciendo el crecimiento de empresas y empleos locales.<\/p>\n\n\n\n<p>\u00abLa modernizaci\u00f3n de nuestras carreteras federales es una inversi\u00f3n estrat\u00e9gica que impacta directamente en el desarrollo de nuestras comunidades y en su crecimiento econ\u00f3mico\u00bb, puntualiz\u00f3 Melisa Pe\u00f1a.<\/p>\n","protected":false},"excerpt":{"rendered":"<p>La diputada Melisa Pe\u00f1a, representante del Valle de las Salinas, present\u00f3 un exhorto a la Secretar\u00eda de Hacienda y Cr\u00e9dito&#8230;<\/p>\n","protected":false},"author":1,"featured_media":32733,"comment_status":"open","ping_status":"open","sticky":false,"template":"","format":"standard","meta":[],"categories":[7],"tags":[],"_links":{"self":[{"href":"http:\/\/freelance-mty.com\/index.php?rest_route=\/wp\/v2\/posts\/32731"}],"collection":[{"href":"http:\/\/freelance-mty.com\/index.php?rest_route=\/wp\/v2\/posts"}],"about":[{"href":"http:\/\/freelance-mty.com\/index.php?rest_route=\/wp\/v2\/types\/post"}],"author":[{"embeddable":true,"href":"http:\/\/freelance-mty.com\/index.php?rest_route=\/wp\/v2\/users\/1"}],"replies":[{"embeddable":true,"href":"http:\/\/freelance-mty.com\/index.php?rest_route=%2Fwp%2Fv2%2Fcomments&post=32731"}],"version-history":[{"count":1,"href":"http:\/\/freelance-mty.com\/index.php?rest_route=\/wp\/v2\/posts\/32731\/revisions"}],"predecessor-version":[{"id":32732,"href":"http:\/\/freelance-mty.com\/index.php?rest_route=\/wp\/v2\/posts\/32731\/revisions\/32732"}],"wp:featuredmedia":[{"embeddable":true,"href":"http:\/\/freelance-mty.com\/index.php?rest_route=\/wp\/v2\/media\/32733"}],"wp:attachment":[{"href":"http:\/\/freelance-mty.com\/index.php?rest_route=%2Fwp%2Fv2%2Fmedia&parent=32731"}],"wp:term":[{"taxonomy":"category","embeddable":true,"href":"http:\/\/freelance-mty.com\/index.php?rest_route=%2Fwp%2Fv2%2Fcategories&post=32731"},{"taxonomy":"post_tag","embeddable":true,"href":"http:\/\/freelance-mty.com\/index.php?rest_route=%2Fwp%2Fv2%2Ftags&post=32731"}],"curies":[{"name":"wp","href":"https:\/\/api.w.org\/{rel}","templated":true}]}}