{"id":32928,"date":"2024-11-13T16:21:00","date_gmt":"2024-11-13T16:21:00","guid":{"rendered":"http:\/\/freelance-mty.com\/?p=32928"},"modified":"2024-11-14T04:25:32","modified_gmt":"2024-11-14T04:25:32","slug":"exige-victor-perez-partida-de-50-mil-mdp-en-presupuesto-2025-para-rehabilitar-careteras","status":"publish","type":"post","link":"http:\/\/freelance-mty.com\/?p=32928","title":{"rendered":"Exige V\u00efctor P\u00e9rez partida de 50 mil MDP en presupuesto 2025 para rehabilitar careteras"},"content":{"rendered":"\n<p>Porque el abandono en que en se tiene a las carreteras ha causado la p\u00e9rdida de vidas humanas y ha impactado en atrasos en el traslado de mercanc\u00edas, V\u00edctor P\u00e9rez, presidente de la Comisi\u00f3n de Comunicaciones y Transportes, exigi\u00f3 que en el presupuesto 2025 se destinen m\u00e1s de 50 mil millones de pesos para rehabilitaci\u00f3n y mantenimiento de carreteras en el pa\u00eds.<\/p>\n\n\n\n<p>El legislador federal cit\u00f3 que en los \u00faltimos seis a\u00f1os se ha olvidado al sistema carretero y por eso el deterioro actual.<\/p>\n\n\n\n<p>\u201cEl problema en las carreteras de nuestro pa\u00eds es un tanto tr\u00e1gico, tenemos urgencia en todas las carreteras del pa\u00eds de que se apliquen por lo menos 50 mil millones de pesos para que empecemos a recuperar el sistema carretero en M\u00e9xico y que sea eficiente\u201d.<\/p>\n\n\n\n<p>Se\u00f1al\u00f3 que es dif\u00edcil para el transporte de carga mantener su vocaci\u00f3n, debido al alto \u00edndice de accidentes y el tema de la inseguridad.<\/p>\n\n\n\n<p>\u201cTenemos casi un mill\u00f3n de transportistas o veh\u00edculos de carga pesada circulando por el pa\u00eds y no lo pueden hacer en estas carreteras sin tener problemas, al tema de la accentabilidad en las carreteras en cuesti\u00f3n de patrimonio se agrega el tema de la inseguridad persiste cuando la delincuencia organizada est\u00e1 atentando contra todos\u201d.<\/p>\n\n\n\n<p>P\u00e9rez D\u00edaz dijo en rueda de prensa en la C\u00e1mara de Diputados que 11 mil millones de pesos del rubro carretero para este a\u00f1o fueron re dirigidos a la construcci\u00f3n del Tren Maya.<\/p>\n\n\n\n<p><\/p>\n\n\n\n<p>El presidente de la Comisi\u00f3n de Comunicaciones y Transportes, expuso que de cara a la discusi\u00f3n del presupuesto para el 2025, es apremiante destinar una partida importante al mantenimiento y rehabilitaci\u00f3n de la superficie de rodamiento para fortalecer el flujo de mercanc\u00edas en el pa\u00eds y garantizar que no haya p\u00e9rdida de vidas humanas.<\/p>\n","protected":false},"excerpt":{"rendered":"<p>Porque el abandono en que en se tiene a las carreteras ha causado la p\u00e9rdida de vidas humanas y ha&#8230;<\/p>\n","protected":false},"author":1,"featured_media":32932,"comment_status":"open","ping_status":"open","sticky":false,"template":"","format":"standard","meta":[],"categories":[7],"tags":[],"_links":{"self":[{"href":"http:\/\/freelance-mty.com\/index.php?rest_route=\/wp\/v2\/posts\/32928"}],"collection":[{"href":"http:\/\/freelance-mty.com\/index.php?rest_route=\/wp\/v2\/posts"}],"about":[{"href":"http:\/\/freelance-mty.com\/index.php?rest_route=\/wp\/v2\/types\/post"}],"author":[{"embeddable":true,"href":"http:\/\/freelance-mty.com\/index.php?rest_route=\/wp\/v2\/users\/1"}],"replies":[{"embeddable":true,"href":"http:\/\/freelance-mty.com\/index.php?rest_route=%2Fwp%2Fv2%2Fcomments&post=32928"}],"version-history":[{"count":1,"href":"http:\/\/freelance-mty.com\/index.php?rest_route=\/wp\/v2\/posts\/32928\/revisions"}],"predecessor-version":[{"id":32930,"href":"http:\/\/freelance-mty.com\/index.php?rest_route=\/wp\/v2\/posts\/32928\/revisions\/32930"}],"wp:featuredmedia":[{"embeddable":true,"href":"http:\/\/freelance-mty.com\/index.php?rest_route=\/wp\/v2\/media\/32932"}],"wp:attachment":[{"href":"http:\/\/freelance-mty.com\/index.php?rest_route=%2Fwp%2Fv2%2Fmedia&parent=32928"}],"wp:term":[{"taxonomy":"category","embeddable":true,"href":"http:\/\/freelance-mty.com\/index.php?rest_route=%2Fwp%2Fv2%2Fcategories&post=32928"},{"taxonomy":"post_tag","embeddable":true,"href":"http:\/\/freelance-mty.com\/index.php?rest_route=%2Fwp%2Fv2%2Ftags&post=32928"}],"curies":[{"name":"wp","href":"https:\/\/api.w.org\/{rel}","templated":true}]}}