{"id":33533,"date":"2024-12-06T10:00:00","date_gmt":"2024-12-06T10:00:00","guid":{"rendered":"http:\/\/freelance-mty.com\/?p=33533"},"modified":"2024-12-07T00:49:27","modified_gmt":"2024-12-07T00:49:27","slug":"cerraran-a-partir-de-este-domingo-vialidad-aledana-a-la-expo","status":"publish","type":"post","link":"http:\/\/freelance-mty.com\/?p=33533","title":{"rendered":"Cerrar\u00e1n a partir de este domingo vialidad aleda\u00f1a a la Expo"},"content":{"rendered":"\n<p><\/p>\n\n\n\n<p>Por motivos de seguridad tanto de automovilistas como transe\u00fantes y habitantes del sector, el Gobierno de Guadalupe anunci\u00f3 hoy que se cerrar\u00e1 la vialidad de la Avenida Exposici\u00f3n entre las calles La Montura y El Corral a partir de la ma\u00f1ana de este domingo.<\/p>\n\n\n\n<p>A trav\u00e9s de la Secretar\u00eda de Infraestructura y Desarrollo Urbano se inform\u00f3 que dicha arteria presenta severos da\u00f1os en la carpeta asf\u00e1ltica en la circulaci\u00f3n de norte a sur y por consecuencia se determin\u00f3 el cierre.<\/p>\n\n\n\n<p>\u00abEn este cruce ya se solucion\u00f3 una fuga muy grande que provoc\u00f3 un socav\u00f3n al interior, ya se repar\u00f3 el tubo pero se est\u00e1 hundiendo esta calle, por ello vamos a cerrarla a partir del domingo, vamos a volver a abrir para buscar si hay m\u00e1s fugas de agua y evitar un accidente\u00bb, se\u00f1al\u00f3.<\/p>\n\n\n\n<p>El Edil puntualiz\u00f3 que dicho cierre ser\u00e1 a partir de este domingo 9 de diciembre a partir de las 9:00 horas.<\/p>\n\n\n\n<p>Atestigu\u00f3 el evento deportivo el diputado federal Miguel \u00c1ngel S\u00e1nchez, as\u00ed como integrantes del Cabildo de Guadalupe y Secretarios del Gabinete Municipal.<\/p>\n\n\n\n<p><\/p>\n\n\n\n<figure class=\"wp-block-image size-large\"><a href=\"http:\/\/freelance-mty.com\/wp-content\/uploads\/2024\/12\/IMG-20241206-WA0024-scaled.jpg\"><img loading=\"lazy\" width=\"1024\" height=\"768\" src=\"http:\/\/freelance-mty.com\/wp-content\/uploads\/2024\/12\/IMG-20241206-WA0024-1024x768.jpg\" alt=\"\" class=\"wp-image-33537\" srcset=\"http:\/\/freelance-mty.com\/wp-content\/uploads\/2024\/12\/IMG-20241206-WA0024-1024x768.jpg 1024w, http:\/\/freelance-mty.com\/wp-content\/uploads\/2024\/12\/IMG-20241206-WA0024-300x225.jpg 300w, http:\/\/freelance-mty.com\/wp-content\/uploads\/2024\/12\/IMG-20241206-WA0024-768x576.jpg 768w, http:\/\/freelance-mty.com\/wp-content\/uploads\/2024\/12\/IMG-20241206-WA0024-1536x1152.jpg 1536w, http:\/\/freelance-mty.com\/wp-content\/uploads\/2024\/12\/IMG-20241206-WA0024-2048x1536.jpg 2048w\" sizes=\"(max-width: 1024px) 100vw, 1024px\" \/><\/a><\/figure>\n","protected":false},"excerpt":{"rendered":"<p>Por motivos de seguridad tanto de automovilistas como transe\u00fantes y habitantes del sector, el Gobierno de Guadalupe anunci\u00f3 hoy que&#8230;<\/p>\n","protected":false},"author":1,"featured_media":33535,"comment_status":"open","ping_status":"open","sticky":false,"template":"","format":"standard","meta":[],"categories":[8,7],"tags":[],"_links":{"self":[{"href":"http:\/\/freelance-mty.com\/index.php?rest_route=\/wp\/v2\/posts\/33533"}],"collection":[{"href":"http:\/\/freelance-mty.com\/index.php?rest_route=\/wp\/v2\/posts"}],"about":[{"href":"http:\/\/freelance-mty.com\/index.php?rest_route=\/wp\/v2\/types\/post"}],"author":[{"embeddable":true,"href":"http:\/\/freelance-mty.com\/index.php?rest_route=\/wp\/v2\/users\/1"}],"replies":[{"embeddable":true,"href":"http:\/\/freelance-mty.com\/index.php?rest_route=%2Fwp%2Fv2%2Fcomments&post=33533"}],"version-history":[{"count":2,"href":"http:\/\/freelance-mty.com\/index.php?rest_route=\/wp\/v2\/posts\/33533\/revisions"}],"predecessor-version":[{"id":33538,"href":"http:\/\/freelance-mty.com\/index.php?rest_route=\/wp\/v2\/posts\/33533\/revisions\/33538"}],"wp:featuredmedia":[{"embeddable":true,"href":"http:\/\/freelance-mty.com\/index.php?rest_route=\/wp\/v2\/media\/33535"}],"wp:attachment":[{"href":"http:\/\/freelance-mty.com\/index.php?rest_route=%2Fwp%2Fv2%2Fmedia&parent=33533"}],"wp:term":[{"taxonomy":"category","embeddable":true,"href":"http:\/\/freelance-mty.com\/index.php?rest_route=%2Fwp%2Fv2%2Fcategories&post=33533"},{"taxonomy":"post_tag","embeddable":true,"href":"http:\/\/freelance-mty.com\/index.php?rest_route=%2Fwp%2Fv2%2Ftags&post=33533"}],"curies":[{"name":"wp","href":"https:\/\/api.w.org\/{rel}","templated":true}]}}