{"id":34408,"date":"2025-01-28T14:28:00","date_gmt":"2025-01-28T14:28:00","guid":{"rendered":"http:\/\/freelance-mty.com\/?p=34408"},"modified":"2025-01-29T05:30:53","modified_gmt":"2025-01-29T05:30:53","slug":"atendra-monterrey-solicitudes-de-residentes-del-sector-san-jeronimo","status":"publish","type":"post","link":"http:\/\/freelance-mty.com\/?p=34408","title":{"rendered":"Atendr\u00e1 Monterrey solicitudes de residentes del sector San Jer\u00f3nimo"},"content":{"rendered":"\n<p>El alcalde Adri\u00e1n de la Garza Santos recibi\u00f3 hoy a una comitiva de vecinos de las colonias del sector San Jer\u00f3nimo, con quienes hab\u00eda acordado un encuentro desde antes de asumir la presidencia municipal por tercera vez.<\/p>\n\n\n\n<p>En compa\u00f1\u00eda de secretarios y directores de la administraci\u00f3n, el edil escuch\u00f3 las solicitudes de los habitantes de la zona poniente sobre seguridad, desarrollo urbano, servicios p\u00fablicos e infraestructura.<\/p>\n\n\n\n<p>En el tema de seguridad, los habitantes comentaron algunos de los recientes acontecimientos en la zona y subrayaron la necesidad de reforzar la presencia policiaca.<\/p>\n\n\n\n<p>En respuesta, la autoridad local se\u00f1al\u00f3 que se est\u00e1n tomando medidas para mejorar la vigilancia, incluyendo la optimizaci\u00f3n de los sistemas de monitoreo por c\u00e1maras y la intensificaci\u00f3n de los rondines en el sector.<\/p>\n\n\n\n<p>As\u00ed mismo, se destac\u00f3 el valor de la participaci\u00f3n ciudadana para fortalecer la seguridad en la comunidad.<\/p>\n\n\n\n<p>Se plante\u00f3 la posibilidad de generar espacios de di\u00e1logo continuo entre vecinos y autoridades, con el fin de identificar necesidades espec\u00edficas y agilizar la atenci\u00f3n a reportes de incidentes.<\/p>\n\n\n\n<p>Encabezados por V\u00edctor Pi\u00f1a, presidente de la junta vecinal, los asistentes pidieron:<\/p>\n\n\n\n<p>\u2022 Arborizar el parque central y otras plazas.<br>\u2022 Revisar el Plan de Desarrollo Urbano elaborado por la administraci\u00f3n anterior, ya que hicieron cuestionamientos de correcci\u00f3n que no fueron tomados en cuenta.<br>\u2022 Modificar el reglamento correspondiente para revocar, cambiar, mejorar y sancionar los permisos de construcciones con irregularidades.<br>\u2022 Atender con mano dura el tema de la basura en la v\u00eda p\u00fablica.<br>\u2022 Remediar los baches en avenidas importantes.<br>\u2022 Reparar las luminarias p\u00fablicas.<\/p>\n","protected":false},"excerpt":{"rendered":"<p>El alcalde Adri\u00e1n de la Garza Santos recibi\u00f3 hoy a una comitiva de vecinos de las colonias del sector San&#8230;<\/p>\n","protected":false},"author":1,"featured_media":34412,"comment_status":"open","ping_status":"open","sticky":false,"template":"","format":"standard","meta":[],"categories":[8,7],"tags":[],"_links":{"self":[{"href":"http:\/\/freelance-mty.com\/index.php?rest_route=\/wp\/v2\/posts\/34408"}],"collection":[{"href":"http:\/\/freelance-mty.com\/index.php?rest_route=\/wp\/v2\/posts"}],"about":[{"href":"http:\/\/freelance-mty.com\/index.php?rest_route=\/wp\/v2\/types\/post"}],"author":[{"embeddable":true,"href":"http:\/\/freelance-mty.com\/index.php?rest_route=\/wp\/v2\/users\/1"}],"replies":[{"embeddable":true,"href":"http:\/\/freelance-mty.com\/index.php?rest_route=%2Fwp%2Fv2%2Fcomments&post=34408"}],"version-history":[{"count":2,"href":"http:\/\/freelance-mty.com\/index.php?rest_route=\/wp\/v2\/posts\/34408\/revisions"}],"predecessor-version":[{"id":34410,"href":"http:\/\/freelance-mty.com\/index.php?rest_route=\/wp\/v2\/posts\/34408\/revisions\/34410"}],"wp:featuredmedia":[{"embeddable":true,"href":"http:\/\/freelance-mty.com\/index.php?rest_route=\/wp\/v2\/media\/34412"}],"wp:attachment":[{"href":"http:\/\/freelance-mty.com\/index.php?rest_route=%2Fwp%2Fv2%2Fmedia&parent=34408"}],"wp:term":[{"taxonomy":"category","embeddable":true,"href":"http:\/\/freelance-mty.com\/index.php?rest_route=%2Fwp%2Fv2%2Fcategories&post=34408"},{"taxonomy":"post_tag","embeddable":true,"href":"http:\/\/freelance-mty.com\/index.php?rest_route=%2Fwp%2Fv2%2Ftags&post=34408"}],"curies":[{"name":"wp","href":"https:\/\/api.w.org\/{rel}","templated":true}]}}