{"id":34660,"date":"2025-02-11T14:30:00","date_gmt":"2025-02-11T14:30:00","guid":{"rendered":"http:\/\/freelance-mty.com\/?p=34660"},"modified":"2025-02-11T23:35:53","modified_gmt":"2025-02-11T23:35:53","slug":"avalan-crear-comision-de-trabajo-y-prevision-social","status":"publish","type":"post","link":"http:\/\/freelance-mty.com\/?p=34660","title":{"rendered":"Avalan crear Comisi\u00f3n de Trabajo y Previsi\u00f3n Social"},"content":{"rendered":"\n<p>A propuesta del diputado pri\u00edsta H\u00e9ctor Morales Rivera, el Congreso del Estado aprob\u00f3 por unanimidad crear una nueva Comisi\u00f3n de Dictamen Legislativo dedicada atender los asuntos laborales.<\/p>\n\n\n\n<p>Al avalar el dictamen de la Comisi\u00f3n de Legislaci\u00f3n, Morales Rivera puntualiz\u00f3 que el trabajo es uno de los pilares fundamentales del desarrollo econ\u00f3mico y social en Nuevo Le\u00f3n.<\/p>\n\n\n\n<p>\u201cEs indispensable que el Congreso del Estado cuente con un espacio espec\u00edfico y especializado para abordar los temas que puedan suscitarse a la hora de promover la instrumentaci\u00f3n de estrategias, acciones y programas tendientes a fomentar el trabajo digno, la previsi\u00f3n y protecci\u00f3n social al empleo, as\u00ed como evaluar el impacto de las pol\u00edticas laborales y las pr\u00e1cticas empresariales e industriales\u201d, afirm\u00f3.<\/p>\n\n\n\n<p>\u201cLa creaci\u00f3n de la Comisi\u00f3n del Trabajo fortalecer\u00e1 nuestra labor como legisladores, ya que al contar con una herramienta especializada de esta \u00edndole nos pone un paso adelante en la modernizaci\u00f3n de nuestro marco jur\u00eddico en la materia\u201d, enfatiz\u00f3 en tribuna.<\/p>\n\n\n\n<p>Morales Rivera resalt\u00f3 que la creaci\u00f3n de la Comisi\u00f3n del Trabajo es una obligaci\u00f3n para garantizar que las voces de los trabajadores sean escuchadas y sus derechos sean protegidos y promovidos.<\/p>\n\n\n\n<p>\u201cEstar\u00e1 enfocada en atender los asuntos relacionados con el fortalecimiento de las relaciones laborales y sindicales, as\u00ed como el mejoramiento constante en las condiciones de trabajo, la capacitaci\u00f3n, certificaci\u00f3n, profesionalizaci\u00f3n y el cuidado integral de las y los trabajadores\u201d, explic\u00f3.<\/p>\n\n\n\n<p>\u201cPodr\u00e1 emitir opini\u00f3n sobre la pol\u00edtica laboral del Estado, para asegurar que estas respondan a las necesidades reales de la poblaci\u00f3n y que promuevan el bienestar de las y los trabajadores\u201d, refiri\u00f3 Morales Rivera.<\/p>\n","protected":false},"excerpt":{"rendered":"<p>A propuesta del diputado pri\u00edsta H\u00e9ctor Morales Rivera, el Congreso del Estado aprob\u00f3 por unanimidad crear una nueva Comisi\u00f3n de&#8230;<\/p>\n","protected":false},"author":1,"featured_media":34663,"comment_status":"open","ping_status":"open","sticky":false,"template":"","format":"standard","meta":[],"categories":[8,7],"tags":[],"_links":{"self":[{"href":"http:\/\/freelance-mty.com\/index.php?rest_route=\/wp\/v2\/posts\/34660"}],"collection":[{"href":"http:\/\/freelance-mty.com\/index.php?rest_route=\/wp\/v2\/posts"}],"about":[{"href":"http:\/\/freelance-mty.com\/index.php?rest_route=\/wp\/v2\/types\/post"}],"author":[{"embeddable":true,"href":"http:\/\/freelance-mty.com\/index.php?rest_route=\/wp\/v2\/users\/1"}],"replies":[{"embeddable":true,"href":"http:\/\/freelance-mty.com\/index.php?rest_route=%2Fwp%2Fv2%2Fcomments&post=34660"}],"version-history":[{"count":1,"href":"http:\/\/freelance-mty.com\/index.php?rest_route=\/wp\/v2\/posts\/34660\/revisions"}],"predecessor-version":[{"id":34661,"href":"http:\/\/freelance-mty.com\/index.php?rest_route=\/wp\/v2\/posts\/34660\/revisions\/34661"}],"wp:featuredmedia":[{"embeddable":true,"href":"http:\/\/freelance-mty.com\/index.php?rest_route=\/wp\/v2\/media\/34663"}],"wp:attachment":[{"href":"http:\/\/freelance-mty.com\/index.php?rest_route=%2Fwp%2Fv2%2Fmedia&parent=34660"}],"wp:term":[{"taxonomy":"category","embeddable":true,"href":"http:\/\/freelance-mty.com\/index.php?rest_route=%2Fwp%2Fv2%2Fcategories&post=34660"},{"taxonomy":"post_tag","embeddable":true,"href":"http:\/\/freelance-mty.com\/index.php?rest_route=%2Fwp%2Fv2%2Ftags&post=34660"}],"curies":[{"name":"wp","href":"https:\/\/api.w.org\/{rel}","templated":true}]}}