{"id":35234,"date":"2025-02-26T10:16:00","date_gmt":"2025-02-26T10:16:00","guid":{"rendered":"http:\/\/freelance-mty.com\/?p=35234"},"modified":"2025-02-26T22:19:19","modified_gmt":"2025-02-26T22:19:19","slug":"avanza-reforma-para-disminuir-la-edad-para-que-jovenes-puedan-ser-diputados-alcaldes-o-gobernador","status":"publish","type":"post","link":"http:\/\/freelance-mty.com\/?p=35234","title":{"rendered":"Avanza reforma para disminuir la edad para que j\u00f3venes puedan ser diputados, alcaldes o gobernador"},"content":{"rendered":"\n<p><\/p>\n\n\n\n<p><\/p>\n\n\n\n<p>A propuesta de la Diputada local del PRI, Armida Serrato Flores, la Comisi\u00f3n de Puntos Constitucionales del Congreso local aprob\u00f3 por unanimidad en primera vuelta reformas a&nbsp;la Constituci\u00f3n Pol\u00edtica de Nuevo Le\u00f3n para disminuir la edad para que los j\u00f3venes puedan ser diputados locales, alcaldes o gobernador.<\/p>\n\n\n\n<p>La legisladora precis\u00f3 que la reforma plantea que los j\u00f3venes que tengan 18 a\u00f1os cumplidos podr\u00e1n ser candidatos a diputados y alcald\u00edas, y a gobernador cuando tengan 28 a\u00f1os, ya que actualmente la Constituci\u00f3n local establece que solo pueden acceder a esos puestos cuando tienen 21 y 30 a\u00f1os, respectivamente.<\/p>\n\n\n\n<p>\u201cPartiendo de la base que todos los j\u00f3venes de 18 a\u00f1os, o todo ciudadano de 18 a\u00f1os puede votar, \u00bfpor qu\u00e9 no ser votado?, tambi\u00e9n\u201d, apunt\u00f3.<\/p>\n\n\n\n<p>\u201cPresent\u00e9 una reforma al art\u00edculo 71 y 172 para que ahorita los j\u00f3venes que incluso tienen 15 o 16 a\u00f1os, y que en dos a\u00f1os van a tener su mayor\u00eda de edad, tambi\u00e9n puedan ser votados, esta reforma implica que ahorita que es a los 21 a\u00f1os que puedes ser tu candidato alcalde o a diputado, pueda ser a los 18 a\u00f1os\u201d, agreg\u00f3. &nbsp;<\/p>\n\n\n\n<p>Serrato Flores manifest\u00f3 que es necesario abrir los espacios pol\u00edticos a los j\u00f3venes con una pol\u00edtica incluyente, para que expresen sus ideas y sus intereses ya que esto servir\u00e1 para fortalecer la vida democr\u00e1tica.<\/p>\n\n\n\n<p>\u201cAdicional, present\u00e9 en la Comisi\u00f3n una propuesta que fue aprobada por unanimidad, para efectos de que baje la edad para ser gobernador, porque actualmente los candidatos a gobernador tienen que cumplir con la edad m\u00ednima de 30 a\u00f1os cumplidos, y estoy proponiendo que sea a 28 a\u00f1os\u201d, manifest\u00f3.<\/p>\n\n\n\n<p>Resalt\u00f3 que buscar\u00e1 que la iniciativa sea analizada y aprobada en segunda vuelta en este per\u00edodo legislativo.<\/p>\n\n\n\n<p>La iniciativa de reforma que fue aprobada contempla modificar la fracci\u00f3n II del art\u00edculo 71, y la fracci\u00f3n II del art\u00edculo 172 de la Constituci\u00f3n Pol\u00edtica del Estado.<\/p>\n","protected":false},"excerpt":{"rendered":"<p>A propuesta de la Diputada local del PRI, Armida Serrato Flores, la Comisi\u00f3n de Puntos Constitucionales del Congreso local aprob\u00f3&#8230;<\/p>\n","protected":false},"author":1,"featured_media":35236,"comment_status":"open","ping_status":"open","sticky":false,"template":"","format":"standard","meta":[],"categories":[8],"tags":[],"_links":{"self":[{"href":"http:\/\/freelance-mty.com\/index.php?rest_route=\/wp\/v2\/posts\/35234"}],"collection":[{"href":"http:\/\/freelance-mty.com\/index.php?rest_route=\/wp\/v2\/posts"}],"about":[{"href":"http:\/\/freelance-mty.com\/index.php?rest_route=\/wp\/v2\/types\/post"}],"author":[{"embeddable":true,"href":"http:\/\/freelance-mty.com\/index.php?rest_route=\/wp\/v2\/users\/1"}],"replies":[{"embeddable":true,"href":"http:\/\/freelance-mty.com\/index.php?rest_route=%2Fwp%2Fv2%2Fcomments&post=35234"}],"version-history":[{"count":1,"href":"http:\/\/freelance-mty.com\/index.php?rest_route=\/wp\/v2\/posts\/35234\/revisions"}],"predecessor-version":[{"id":35235,"href":"http:\/\/freelance-mty.com\/index.php?rest_route=\/wp\/v2\/posts\/35234\/revisions\/35235"}],"wp:featuredmedia":[{"embeddable":true,"href":"http:\/\/freelance-mty.com\/index.php?rest_route=\/wp\/v2\/media\/35236"}],"wp:attachment":[{"href":"http:\/\/freelance-mty.com\/index.php?rest_route=%2Fwp%2Fv2%2Fmedia&parent=35234"}],"wp:term":[{"taxonomy":"category","embeddable":true,"href":"http:\/\/freelance-mty.com\/index.php?rest_route=%2Fwp%2Fv2%2Fcategories&post=35234"},{"taxonomy":"post_tag","embeddable":true,"href":"http:\/\/freelance-mty.com\/index.php?rest_route=%2Fwp%2Fv2%2Ftags&post=35234"}],"curies":[{"name":"wp","href":"https:\/\/api.w.org\/{rel}","templated":true}]}}