{"id":36429,"date":"2025-04-07T15:24:00","date_gmt":"2025-04-07T15:24:00","guid":{"rendered":"http:\/\/freelance-mty.com\/?p=36429"},"modified":"2025-04-08T05:47:22","modified_gmt":"2025-04-08T05:47:22","slug":"36429","status":"publish","type":"post","link":"http:\/\/freelance-mty.com\/?p=36429","title":{"rendered":"UANL refuerza lazos con la City University of Seattle"},"content":{"rendered":"\n<p>Con la extensi\u00f3n del convenio de colaboraci\u00f3n que tiene con la universidad estadounidense, la UANL busca que los 400 alumnos que participan en el programa incursionen en el \u00e1mbito laboral con ventajas competitivas a nivel global.<\/p>\n\n\n\n<p>Con el objetivo de fortalecer sus programas de doble titulaci\u00f3n e intercambios acad\u00e9micos para beneficiar a su comunidad estudiantil, la Universidad Aut\u00f3noma de Nuevo Le\u00f3n renov\u00f3 su convenio de colaboraci\u00f3n con la City University of Seattle (CityU).<\/p>\n\n\n\n<p>Santos Guzm\u00e1n L\u00f3pez, Rector de la UANL, firm\u00f3 la extensi\u00f3n del acuerdo junto con el Presidente Interino de CityU, Christopher Bryan; atestiguaron la Secretaria de Relaciones Internacionales de la UANL, Sandra Nora Gonz\u00e1lez, y el Director de la Divisi\u00f3n de Servicios Internacionales de CityU, Antonio Esqueda Flores.<\/p>\n\n\n\n<p>Desde 2010, la M\u00e1xima Casa de Estudios del Estado se ali\u00f3 con la instituci\u00f3n estadounidense, colaboraci\u00f3n en la que han participado cerca de 500 egresados de la Facultad de Contadur\u00eda P\u00fablica y Administraci\u00f3n y la Facultad de Psicolog\u00eda.<\/p>\n\n\n\n<p>En la actualidad, un total de 389 alumnos de licenciatura y ocho de posgrado forman parte de este sistema, de los cuales 70 se graduar\u00e1n en junio en Seattle. El Rector asegur\u00f3 que se trabajar\u00e1 para que se incorporen m\u00e1s facultades y as\u00ed beneficiar a m\u00e1s alumnos.<\/p>\n\n\n\n<p>\u201cDe verdad muchas gracias y ojal\u00e1 que, como ha sido tan exitoso con FACPYA, tambi\u00e9n lo sea con las dem\u00e1s facultades. Ojal\u00e1 que pudi\u00e9ramos integrar algunas escuelas m\u00e1s para brindar a nuestros estudiantes oportunidades de desarrollarse en el plano internacional\u201d, agreg\u00f3 el Rector Santos Guzm\u00e1n.<\/p>\n\n\n\n<p>Buscan incrementar la colaboraci\u00f3n<\/p>\n\n\n\n<p>Mediante la firma de ampliaci\u00f3n del acuerdo, ambas partes se comprometieron a extender su relaci\u00f3n acad\u00e9mica de 15 a\u00f1os de antig\u00fcedad, adem\u00e1s de asegurar la incorporaci\u00f3n de m\u00e1s planes de estudios de la UANL.<\/p>\n\n\n\n<p>\u201cQu\u00e9 bueno que ahora se integran la Facultad de Ciencias Pol\u00edticas y Relaciones Internacionales y la Facultad de Ciencias de la Comunicaci\u00f3n. Quiero agradecer el apoyo a nuestra instituci\u00f3n de permitir la firma de este convenio. Espero que podamos sumar m\u00e1s programas en el futuro pr\u00f3ximo\u201d, coment\u00f3 el Rector de la UANL, Santos Guzm\u00e1n L\u00f3pez.<\/p>\n\n\n\n<p>Antonio Esqueda Flores, en representaci\u00f3n de la CityU, reafirm\u00f3 que comparten el mismo prop\u00f3sito de la UANL de ampliar las relaciones acad\u00e9micas a nivel de licenciatura y posgrado.<\/p>\n\n\n\n<p>\u201cEs un honor estar aqu\u00ed por la colaboraci\u00f3n que tenemos con la Facultad de Contadur\u00eda P\u00fablica y Administraci\u00f3n y con las otras facultades. Este convenio abre la posibilidad de comenzar a pensar en otras oportunidades que vayan por la misma vertiente de colaboraci\u00f3n rec\u00edproca\u201d, inform\u00f3.<\/p>\n\n\n\n<p>Con esta cooperaci\u00f3n, la Universidad Aut\u00f3noma de Nuevo Le\u00f3n reafirma su compromiso de actualizar sus programas acad\u00e9micos para asegurar que sus egresados ingresen al \u00e1mbito laboral con ventajas competitivas a nivel global.<\/p>\n\n\n\n<p>En el acto estuvieron los directores Mario Rojo Flores, de la Facultad de Ciencias de la Comunicaci\u00f3n; Abraham Hern\u00e1ndez Paz, de la Facultad de Ciencias Pol\u00edticas y Relaciones Internacionales; Adriana Garza Elizondo, de la Facultad de Contadur\u00eda P\u00fablica y Administraci\u00f3n, y Mario Loredo Villa, de la Facultad de Psicolog\u00eda.<\/p>\n\n\n\n<p>Facultad de Ciencias de la Comunicaci\u00f3n<\/p>\n\n\n\n<p>\u00b7 Licenciatura en Ciencias de la Comunicaci\u00f3n<\/p>\n\n\n\n<p>\u00b7 Licenciatura en Mercadotecnia y Gesti\u00f3n de la Imagen<\/p>\n\n\n\n<p>Facultad de Contadur\u00eda P\u00fablica y Administraci\u00f3n<\/p>\n\n\n\n<p>\u00b7 Contador P\u00fablico<\/p>\n\n\n\n<p>\u00b7 Licenciatura en Administraci\u00f3n<\/p>\n\n\n\n<p>\u00b7 Licenciatura en Emprendimiento e Innovaci\u00f3n<\/p>\n\n\n\n<p>\u00b7 Licenciatura en Inteligencia Financiera<br>\u00b7 Licenciatura en Negocios Internacionales<\/p>\n\n\n\n<p>\u00b7 Licenciatura en Tecnolog\u00edas de la Informaci\u00f3n<\/p>\n\n\n\n<p>\u00b7 Master of Business Administration (MBA)<\/p>\n\n\n\n<p>Facultad de Psicolog\u00eda<\/p>\n\n\n\n<p>\u00b7 Licenciatura en Psicolog\u00eda<\/p>\n\n\n\n<p>0<\/p>\n\n\n\n<p>Con la extensi\u00f3n del convenio de colaboraci\u00f3n que tiene con la universidad estadounidense, la UANL busca que los 400 alumnos que participan en el programa incursionen en el \u00e1mbito laboral con ventajas competitivas a nivel global.<\/p>\n\n\n\n<p>Con el objetivo de fortalecer sus programas de doble titulaci\u00f3n e intercambios acad\u00e9micos para beneficiar a su comunidad estudiantil, la Universidad Aut\u00f3noma de Nuevo Le\u00f3n renov\u00f3 su convenio de colaboraci\u00f3n con la City University of Seattle (CityU).<\/p>\n\n\n\n<p>Santos Guzm\u00e1n L\u00f3pez, Rector de la UANL, firm\u00f3 la extensi\u00f3n del acuerdo junto con el Presidente Interino de CityU, Christopher Bryan; atestiguaron la Secretaria de Relaciones Internacionales de la UANL, Sandra Nora Gonz\u00e1lez, y el Director de la Divisi\u00f3n de Servicios Internacionales de CityU, Antonio Esqueda Flores.<\/p>\n\n\n\n<p>Desde 2010, la M\u00e1xima Casa de Estudios del Estado se ali\u00f3 con la instituci\u00f3n estadounidense, colaboraci\u00f3n en la que han participado cerca de 500 egresados de la Facultad de Contadur\u00eda P\u00fablica y Administraci\u00f3n y la Facultad de Psicolog\u00eda.<\/p>\n\n\n\n<p>En la actualidad, un total de 389 alumnos de licenciatura y ocho de posgrado forman parte de este sistema, de los cuales 70 se graduar\u00e1n en junio en Seattle. El Rector asegur\u00f3 que se trabajar\u00e1 para que se incorporen m\u00e1s facultades y as\u00ed beneficiar a m\u00e1s alumnos.<\/p>\n\n\n\n<p>\u201cDe verdad muchas gracias y ojal\u00e1 que, como ha sido tan exitoso con FACPYA, tambi\u00e9n lo sea con las dem\u00e1s facultades. Ojal\u00e1 que pudi\u00e9ramos integrar algunas escuelas m\u00e1s para brindar a nuestros estudiantes oportunidades de desarrollarse en el plano internacional\u201d, agreg\u00f3 el Rector Santos Guzm\u00e1n.<\/p>\n\n\n\n<p>Buscan incrementar la colaboraci\u00f3n<\/p>\n\n\n\n<p>Mediante la firma de ampliaci\u00f3n del acuerdo, ambas partes se comprometieron a extender su relaci\u00f3n acad\u00e9mica de 15 a\u00f1os de antig\u00fcedad, adem\u00e1s de asegurar la incorporaci\u00f3n de m\u00e1s planes de estudios de la UANL.<\/p>\n\n\n\n<p>\u201cQu\u00e9 bueno que ahora se integran la Facultad de Ciencias Pol\u00edticas y Relaciones Internacionales y la Facultad de Ciencias de la Comunicaci\u00f3n. Quiero agradecer el apoyo a nuestra instituci\u00f3n de permitir la firma de este convenio. Espero que podamos sumar m\u00e1s programas en el futuro pr\u00f3ximo\u201d, coment\u00f3 el Rector de la UANL, Santos Guzm\u00e1n L\u00f3pez.<\/p>\n\n\n\n<p>Antonio Esqueda Flores, en representaci\u00f3n de la CityU, reafirm\u00f3 que comparten el mismo prop\u00f3sito de la UANL de ampliar las relaciones acad\u00e9micas a nivel de licenciatura y posgrado.<\/p>\n\n\n\n<p>\u201cEs un honor estar aqu\u00ed por la colaboraci\u00f3n que tenemos con la Facultad de Contadur\u00eda P\u00fablica y Administraci\u00f3n y con las otras facultades. Este convenio abre la posibilidad de comenzar a pensar en otras oportunidades que vayan por la misma vertiente de colaboraci\u00f3n rec\u00edproca\u201d, inform\u00f3.<\/p>\n\n\n\n<p>Con esta cooperaci\u00f3n, la Universidad Aut\u00f3noma de Nuevo Le\u00f3n reafirma su compromiso de actualizar sus programas acad\u00e9micos para asegurar que sus egresados ingresen al \u00e1mbito laboral con ventajas competitivas a nivel global.<\/p>\n\n\n\n<p>En el acto estuvieron los directores Mario Rojo Flores, de la Facultad de Ciencias de la Comunicaci\u00f3n; Abraham Hern\u00e1ndez Paz, de la Facultad de Ciencias Pol\u00edticas y Relaciones Internacionales; Adriana Garza Elizondo, de la Facultad de Contadur\u00eda P\u00fablica y Administraci\u00f3n, y Mario Loredo Villa, de la Facultad de Psicolog\u00eda.<\/p>\n\n\n\n<p>Facultad de Ciencias de la Comunicaci\u00f3n<\/p>\n\n\n\n<p>\u00b7 Licenciatura en Ciencias de la Comunicaci\u00f3n<\/p>\n\n\n\n<p>\u00b7 Licenciatura en Mercadotecnia y Gesti\u00f3n de la Imagen<\/p>\n\n\n\n<p>Facultad de Contadur\u00eda P\u00fablica y Administraci\u00f3n<\/p>\n\n\n\n<p>\u00b7 Contador P\u00fablico<\/p>\n\n\n\n<p>\u00b7 Licenciatura en Administraci\u00f3n<\/p>\n\n\n\n<p>\u00b7 Licenciatura en Emprendimiento e Innovaci\u00f3n<\/p>\n\n\n\n<p>\u00b7 Licenciatura en Inteligencia Financiera<br>\u00b7 Licenciatura en Negocios Internacionales<\/p>\n\n\n\n<p>\u00b7 Licenciatura en Tecnolog\u00edas de la Informaci\u00f3n<\/p>\n\n\n\n<p>\u00b7 Master of Business Administration (MBA)<\/p>\n\n\n\n<p>Facultad de Psicolog\u00eda<\/p>\n\n\n\n<p>\u00b7 Licenciatura en Psicolog\u00eda<\/p>\n","protected":false},"excerpt":{"rendered":"<p>Con la extensi\u00f3n del convenio de colaboraci\u00f3n que tiene con la universidad estadounidense, la UANL busca que los 400 alumnos&#8230;<\/p>\n","protected":false},"author":1,"featured_media":36430,"comment_status":"open","ping_status":"open","sticky":false,"template":"","format":"standard","meta":[],"categories":[7],"tags":[],"_links":{"self":[{"href":"http:\/\/freelance-mty.com\/index.php?rest_route=\/wp\/v2\/posts\/36429"}],"collection":[{"href":"http:\/\/freelance-mty.com\/index.php?rest_route=\/wp\/v2\/posts"}],"about":[{"href":"http:\/\/freelance-mty.com\/index.php?rest_route=\/wp\/v2\/types\/post"}],"author":[{"embeddable":true,"href":"http:\/\/freelance-mty.com\/index.php?rest_route=\/wp\/v2\/users\/1"}],"replies":[{"embeddable":true,"href":"http:\/\/freelance-mty.com\/index.php?rest_route=%2Fwp%2Fv2%2Fcomments&post=36429"}],"version-history":[{"count":2,"href":"http:\/\/freelance-mty.com\/index.php?rest_route=\/wp\/v2\/posts\/36429\/revisions"}],"predecessor-version":[{"id":36434,"href":"http:\/\/freelance-mty.com\/index.php?rest_route=\/wp\/v2\/posts\/36429\/revisions\/36434"}],"wp:featuredmedia":[{"embeddable":true,"href":"http:\/\/freelance-mty.com\/index.php?rest_route=\/wp\/v2\/media\/36430"}],"wp:attachment":[{"href":"http:\/\/freelance-mty.com\/index.php?rest_route=%2Fwp%2Fv2%2Fmedia&parent=36429"}],"wp:term":[{"taxonomy":"category","embeddable":true,"href":"http:\/\/freelance-mty.com\/index.php?rest_route=%2Fwp%2Fv2%2Fcategories&post=36429"},{"taxonomy":"post_tag","embeddable":true,"href":"http:\/\/freelance-mty.com\/index.php?rest_route=%2Fwp%2Fv2%2Ftags&post=36429"}],"curies":[{"name":"wp","href":"https:\/\/api.w.org\/{rel}","templated":true}]}}