{"id":36616,"date":"2025-04-24T22:46:00","date_gmt":"2025-04-24T22:46:00","guid":{"rendered":"http:\/\/freelance-mty.com\/?p=36616"},"modified":"2025-04-27T22:47:40","modified_gmt":"2025-04-27T22:47:40","slug":"reforesta-gobierno-de-apodaca-area-verde-en-paseo-de-las-flores","status":"publish","type":"post","link":"http:\/\/freelance-mty.com\/?p=36616","title":{"rendered":"REFORESTA GOBIERNO DE APODACA \u00c1REA VERDE EN PASEO DE LAS FLORES"},"content":{"rendered":"\n<p><br>Reforzando el compromiso con el medio ambiente y la calidad de vida de sus ciudadanos, el Gobierno de Apodaca lleva a cabo la reforestaci\u00f3n de la Plaza de Paseo de las Flores, Primer Sector, con la siembra de m\u00e1s de 75 \u00e1rboles, transformando el espacio en un pulm\u00f3n verde para la zona.<\/p>\n\n\n\n<p>Los trabajos contemplan la plantaci\u00f3n de encinos siempre verdes y encinos rojos, \u00e1rboles de entre 7 y 8 metros de altura, con di\u00e1metros que van de 4 a 6 pulgadas.<\/p>\n\n\n\n<p>Estas especies ser\u00e1n distribuidas en tres \u00e1reas clave: la plaza principal, el andador colindante al Parque Industrial, y una secci\u00f3n triangular en la entrada de la colonia, espacios que antes no contaban con una infraestructura ambiental adecuada.<\/p>\n\n\n\n<p>Para garantizar el crecimiento y mantenimiento de los \u00e1rboles, se instalar\u00e1n m\u00e1s de 250 metros lineales de un nuevo sistema de riego, as\u00ed como tomas de agua estrat\u00e9gicamente ubicadas.<br><br>El proyecto tambi\u00e9n contempla la colocaci\u00f3n de m\u00e1s de 300 metros cuadrados de banquetas, iluminaci\u00f3n renovada y bancas, mejorando as\u00ed la accesibilidad y funcionalidad del entorno.<\/p>\n\n\n\n<p>Con estas acciones, el Gobierno Municipal reafirma su compromiso de recuperar y fortalecer los espacios p\u00fablicos, generando beneficios tangibles para las familias de Apodaca y promoviendo una ciudad m\u00e1s verde, sustentable y digna&nbsp;para&nbsp;todos.<\/p>\n","protected":false},"excerpt":{"rendered":"<p>Reforzando el compromiso con el medio ambiente y la calidad de vida de sus ciudadanos, el Gobierno de Apodaca lleva&#8230;<\/p>\n","protected":false},"author":1,"featured_media":36617,"comment_status":"open","ping_status":"open","sticky":false,"template":"","format":"standard","meta":[],"categories":[1],"tags":[],"_links":{"self":[{"href":"http:\/\/freelance-mty.com\/index.php?rest_route=\/wp\/v2\/posts\/36616"}],"collection":[{"href":"http:\/\/freelance-mty.com\/index.php?rest_route=\/wp\/v2\/posts"}],"about":[{"href":"http:\/\/freelance-mty.com\/index.php?rest_route=\/wp\/v2\/types\/post"}],"author":[{"embeddable":true,"href":"http:\/\/freelance-mty.com\/index.php?rest_route=\/wp\/v2\/users\/1"}],"replies":[{"embeddable":true,"href":"http:\/\/freelance-mty.com\/index.php?rest_route=%2Fwp%2Fv2%2Fcomments&post=36616"}],"version-history":[{"count":1,"href":"http:\/\/freelance-mty.com\/index.php?rest_route=\/wp\/v2\/posts\/36616\/revisions"}],"predecessor-version":[{"id":36618,"href":"http:\/\/freelance-mty.com\/index.php?rest_route=\/wp\/v2\/posts\/36616\/revisions\/36618"}],"wp:featuredmedia":[{"embeddable":true,"href":"http:\/\/freelance-mty.com\/index.php?rest_route=\/wp\/v2\/media\/36617"}],"wp:attachment":[{"href":"http:\/\/freelance-mty.com\/index.php?rest_route=%2Fwp%2Fv2%2Fmedia&parent=36616"}],"wp:term":[{"taxonomy":"category","embeddable":true,"href":"http:\/\/freelance-mty.com\/index.php?rest_route=%2Fwp%2Fv2%2Fcategories&post=36616"},{"taxonomy":"post_tag","embeddable":true,"href":"http:\/\/freelance-mty.com\/index.php?rest_route=%2Fwp%2Fv2%2Ftags&post=36616"}],"curies":[{"name":"wp","href":"https:\/\/api.w.org\/{rel}","templated":true}]}}