{"id":36786,"date":"2025-05-07T04:27:00","date_gmt":"2025-05-07T09:27:00","guid":{"rendered":"http:\/\/freelance-mty.com\/?p=36786"},"modified":"2025-07-01T02:17:05","modified_gmt":"2025-07-01T07:17:05","slug":"es-cideb-modelo-de-excelencia-en-educacion-media-superior-en-mexico","status":"publish","type":"post","link":"http:\/\/freelance-mty.com\/?p=36786","title":{"rendered":"Es CIDEB modelo de excelencia en educaci\u00f3n media superior en M\u00e9xico"},"content":{"rendered":"\n<p><strong><em>En la celebraci\u00f3n por el aniversario de la instituci\u00f3n se inaugur\u00f3 el FabLab, un espacio en el que los estudiantes tendr\u00e1n acceso a herramientas de fabricaci\u00f3n digital y podr\u00e1n participar en la creaci\u00f3n de soluciones a problemas locales y globales.<\/em><br><\/strong><br>El Centro de Investigaci\u00f3n y Desarrollo de Educaci\u00f3n Biling\u00fce (CIDEB) de la Universidad Aut\u00f3noma de Nuevo Le\u00f3n (UANL) conmemor\u00f3 sus primeros 25 a\u00f1os de ser un referente a nivel nacional por su calidad y pertinencia en el nivel medio superior.&nbsp;<\/p>\n\n\n\n<p>Instaurado en 2000, a fin de promover la educaci\u00f3n media superior en modalidad biling\u00fce, el CIDEB naci\u00f3 con el objetivo central de formar estudiantes a trav\u00e9s de programas enfocados en la adquisici\u00f3n y aplicaci\u00f3n de conocimientos, habilidades, destrezas y actitudes acordes con su contexto social.&nbsp;<\/p>\n\n\n\n<p>Durante la ceremonia conmemorativa, el Rector de la UANL, Santos Guzm\u00e1n L\u00f3pez, resalt\u00f3 el trabajo del personal administrativo, docentes y alumnos que conforman la dependencia por tener como prioridad la excelencia en todos sus planes educativos.&nbsp;<\/p>\n\n\n\n<p>Se\u00f1al\u00f3 que el CIDEB ha egresado m\u00faltiples generaciones de estudiantes con una formaci\u00f3n s\u00f3lida y comprometidos con la sociedad, siendo estos embajadores de la UANL tanto en el pa\u00eds como en el extranjero.&nbsp;<\/p>\n\n\n\n<p>\u201cDesde su creaci\u00f3n, este centro de investigaci\u00f3n se ha caracterizado por la excelencia acad\u00e9mica, en la que hemos atestiguado los avances en tecnolog\u00eda, innovaci\u00f3n y rob\u00f3tica. <\/p>\n\n\n\n<p>Hoy podemos decir con orgullo que este CIDEB ha formado generaciones de estudiantes con una preparaci\u00f3n s\u00f3lida, cr\u00edticos y comprometidos con su entorno.&nbsp;<\/p>\n\n\n\n<p>\u201cInvito a que los estudiantes de esta dependencia universitaria se sigan formando y super\u00e1ndose para incursionar en la educaci\u00f3n superior.<\/p>\n\n\n\n<p>Los egresados de este centro son multiplicadores de lo que, con orgullo, se hace en la Universidad de Nuevo Le\u00f3n\u201d, se\u00f1al\u00f3 Guzm\u00e1n L\u00f3pez.&nbsp;<\/p>\n\n\n\n<p>El Secretario Acad\u00e9mico de la UANL, Jaime Arturo Castillo Elizondo; el director del CIDEB, Socorro Guajardo Gonz\u00e1lez, estudiantes, profesores y directivos universitarios formaron parte de los festejos del 25 aniversario.<\/p>\n\n\n\n<p><strong>Inauguran edificio tecnol\u00f3gico<\/strong>&nbsp;Aunado a la ceremonia, las autoridades universitarias realizaron el corte de list\u00f3n del nuevo edificio de tecnolog\u00eda FabLab, un espacio en donde la creaci\u00f3n y el aprendizaje se fusionar\u00e1n, otorgando a los estudiantes el acceso a herramientas de fabricaci\u00f3n digital y conocimientos t\u00e9cnicos.<\/p>\n\n\n\n<p>El inmueble permitir\u00e1 a los alumnos crear objetos f\u00edsicos a partir de dise\u00f1os digitales, as\u00ed como sumergirse en la innovaci\u00f3n, experimentaci\u00f3n y creaci\u00f3n de soluciones a problemas locales y globales.&nbsp;<\/p>\n\n\n\n<p>Guajardo Gonz\u00e1lez mencion\u00f3 que este laboratorio permitir\u00e1 dotar a los j\u00f3venes universitarios de una educaci\u00f3n integral. <\/p>\n\n\n\n<p>Agreg\u00f3 que espera que los pr\u00f3ximos proyectos del CIDEB colaboren en la cosecha de \u00e9xitos en los a\u00f1os venideros. &nbsp;<\/p>\n\n\n\n<p>\u201cGracias al esfuerzo de los profesores y autoridades de esta instituci\u00f3n es que ha sido posible el prestigio que ahora tiene este centro a 25 a\u00f1os de su creaci\u00f3n. <\/p>\n\n\n\n<p>Esperemos que, en los pr\u00f3ximos a\u00f1os, este centro contin\u00fae dando los resultados que hasta este momento nos ha dado y que mantiene en alto el nombre de la Universidad\u201d, afirm\u00f3.&nbsp;<\/p>\n\n\n\n<p>Las autoridades develaron la escultura de un centauro ubicada en la fachada del CIDEB, la cual busca fortalecer la identidad de los profesores y estudiantes pertenecientes a este centro de educaci\u00f3n biling\u00fce.&nbsp;<\/p>\n\n\n\n<p>&nbsp;<strong>Historia<\/strong>&nbsp;La historia de esta instituci\u00f3n universitaria re\u00fane una serie de logros que promueven la internacionalizaci\u00f3n de sus programas de estudio, la cual dota a sus estudiantes de una formaci\u00f3n global y pertinente, prepar\u00e1ndolos de forma oportuna en su ingreso a la educaci\u00f3n superior con el dominio de un segundo idioma.&nbsp;<\/p>\n\n\n\n<p>Aprobado por el H. Consejo Universitario el 26 de mayo de 2000, el Centro de Investigaci\u00f3n y Desarrollo de Educaci\u00f3n Biling\u00fce, adem\u00e1s de brindar a los alumnos con mayor promedio de secundaria que ingresan a la UANL una educaci\u00f3n biling\u00fce, se gest\u00f3 como un espacio propicio para la investigaci\u00f3n.<\/p>\n\n\n\n<p>&nbsp;En sus inicios, la instituci\u00f3n ofreci\u00f3 el programa de Bachillerato Biling\u00fce, con una matr\u00edcula estimada de 175 alumnos.<\/p>\n\n\n\n<p> En a\u00f1os posteriores, dos nuevos programas acad\u00e9micos se integrar\u00edan a su oferta acad\u00e9mica, el Bachillerato Bivalente en Educaci\u00f3n Biling\u00fce (Internacional) en 2004 y el Bachillerato Biling\u00fce Progresivo en 2007.&nbsp;<\/p>\n\n\n\n<p>Este modelo educativo lo llev\u00f3 a convertirse en la primera escuela p\u00fablica del estado y la tercera del pa\u00eds en contar con el Bachillerato Bivalente en Educaci\u00f3n Biling\u00fce (Internacional), integr\u00e1ndose a la Organizaci\u00f3n del Bachillerato Internacional (IBO), con sede en Ginebra, Suiza.&nbsp;<\/p>\n\n\n\n<p>En 2023, se estableci\u00f3 el programa del Bachillerato Progresivo en Franc\u00e9s para aquellos alumnos que ya cuentan con el dominio del idioma ingl\u00e9s y desean aprender una tercera lengua.<\/p>\n\n\n\n<p> El crecimiento de su oferta educativa ha llevado a la dependencia universitaria a consolidarse como una de las mejores preparatorias a nivel nacional.&nbsp;<\/p>\n\n\n\n<p>En la actualidad, el CIDEB abarca 26 salones de clase, los cuales albergan alrededor de 1 mil 400 alumnos en sus dos turnos.<\/p>\n\n\n\n<p> Este modelo educativo se ha replicado en la Preparatoria 1 Colegio Civil, en el municipio de Apodaca, y en la Preparatoria 2, en la zona Obispado de Monterrey.<\/p>\n","protected":false},"excerpt":{"rendered":"<p>En la celebraci\u00f3n por el aniversario de la instituci\u00f3n se inaugur\u00f3 el FabLab, un espacio en el que los estudiantes&#8230;<\/p>\n","protected":false},"author":1,"featured_media":36789,"comment_status":"open","ping_status":"open","sticky":false,"template":"","format":"standard","meta":[],"categories":[8,7],"tags":[],"_links":{"self":[{"href":"http:\/\/freelance-mty.com\/index.php?rest_route=\/wp\/v2\/posts\/36786"}],"collection":[{"href":"http:\/\/freelance-mty.com\/index.php?rest_route=\/wp\/v2\/posts"}],"about":[{"href":"http:\/\/freelance-mty.com\/index.php?rest_route=\/wp\/v2\/types\/post"}],"author":[{"embeddable":true,"href":"http:\/\/freelance-mty.com\/index.php?rest_route=\/wp\/v2\/users\/1"}],"replies":[{"embeddable":true,"href":"http:\/\/freelance-mty.com\/index.php?rest_route=%2Fwp%2Fv2%2Fcomments&post=36786"}],"version-history":[{"count":2,"href":"http:\/\/freelance-mty.com\/index.php?rest_route=\/wp\/v2\/posts\/36786\/revisions"}],"predecessor-version":[{"id":37813,"href":"http:\/\/freelance-mty.com\/index.php?rest_route=\/wp\/v2\/posts\/36786\/revisions\/37813"}],"wp:featuredmedia":[{"embeddable":true,"href":"http:\/\/freelance-mty.com\/index.php?rest_route=\/wp\/v2\/media\/36789"}],"wp:attachment":[{"href":"http:\/\/freelance-mty.com\/index.php?rest_route=%2Fwp%2Fv2%2Fmedia&parent=36786"}],"wp:term":[{"taxonomy":"category","embeddable":true,"href":"http:\/\/freelance-mty.com\/index.php?rest_route=%2Fwp%2Fv2%2Fcategories&post=36786"},{"taxonomy":"post_tag","embeddable":true,"href":"http:\/\/freelance-mty.com\/index.php?rest_route=%2Fwp%2Fv2%2Ftags&post=36786"}],"curies":[{"name":"wp","href":"https:\/\/api.w.org\/{rel}","templated":true}]}}