{"id":36940,"date":"2025-05-15T09:45:00","date_gmt":"2025-05-15T09:45:00","guid":{"rendered":"http:\/\/freelance-mty.com\/?p=36940"},"modified":"2025-05-15T22:33:55","modified_gmt":"2025-05-15T22:33:55","slug":"36940","status":"publish","type":"post","link":"http:\/\/freelance-mty.com\/?p=36940","title":{"rendered":"PROMUEVE BERE MART\u00cdNEZ INSTITUCIONALIDAD DE MESA DIRECTIVA EN CONGRESO DE NL"},"content":{"rendered":"\n<p><\/p>\n\n\n\n<p>La Vice Coordinadora de la Bancada de Morena, Bere Mart\u00ednez, present\u00f3 una iniciativa ante la Oficial\u00eda de Partes para que quien presida la Mesa Directiva del Congreso del Estado no encabece ni integre comisiones, con la finalidad de garantizar la institucionalidad, imparcialidad, legalidad y objetividad en la conducci\u00f3n de los trabajos legislativos.<\/p>\n\n\n\n<p>Bere Mart\u00ednez a\u00f1adi\u00f3 que el proyecto de decreto pretende reformar el art\u00edculo 52 de la Ley Org\u00e1nica del Poder Legislativo del Estado, para replicar la labor que se hace actualmente en la C\u00e1mara de Diputados y Senadores.<\/p>\n\n\n\n<p>La propuesta, dijo la diputada local de Morena, busca consolidar el car\u00e1cter institucional que debe prevalecer en la persona que asuma la titularidad de la Mesa Directiva del Congreso.<\/p>\n\n\n\n<p>Es una iniciativa a la Ley Org\u00e1nica del Congreso del Estado para que cualquier persona que ocupe la Presidencia de la Mesa Directiva del Congreso del Estado no forme parte de alguna comisi\u00f3n ni ocupe una presidencia de alguna comisi\u00f3n o comit\u00e9\u201d, expres\u00f3.<\/p>\n\n\n\n<p>Esta iniciativa se fundamenta en principios que ya est\u00e1n presentes en la legislaci\u00f3n federal, como en la Ley Org\u00e1nica del Congreso General de los Estados Unidos Mexicanos, y responde a la necesidad de alinear el marco jur\u00eddico local con las mejores pr\u00e1cticas parlamentarias del pa\u00eds.<\/p>\n\n\n\n<p>\u201cEsto ya se aplica actualmente en el Congreso Federal, as\u00ed como en la C\u00e1mara de Senadores, es una buena pr\u00e1ctica que debemos de adoptar en Nuevo Le\u00f3n, y es por ello que lo planteo en aras de aportar a la institucionalidad. Eso estamos solicitando\u201d, refiri\u00f3.<\/p>\n\n\n\n<p>Por \u00faltimo, Mart\u00ednez D\u00edaz subray\u00f3 que la reforma contribuir\u00e1 a fortalecer la legitimidad de las decisiones legislativas y el respeto al orden jur\u00eddico, promoviendo una conducci\u00f3n del Congreso respetuosa del pluralismo y enfocada en el bien com\u00fan.<\/p>\n","protected":false},"excerpt":{"rendered":"<p>La Vice Coordinadora de la Bancada de Morena, Bere Mart\u00ednez, present\u00f3 una iniciativa ante la Oficial\u00eda de Partes para que&#8230;<\/p>\n","protected":false},"author":1,"featured_media":36943,"comment_status":"open","ping_status":"open","sticky":false,"template":"","format":"standard","meta":[],"categories":[8,7],"tags":[],"_links":{"self":[{"href":"http:\/\/freelance-mty.com\/index.php?rest_route=\/wp\/v2\/posts\/36940"}],"collection":[{"href":"http:\/\/freelance-mty.com\/index.php?rest_route=\/wp\/v2\/posts"}],"about":[{"href":"http:\/\/freelance-mty.com\/index.php?rest_route=\/wp\/v2\/types\/post"}],"author":[{"embeddable":true,"href":"http:\/\/freelance-mty.com\/index.php?rest_route=\/wp\/v2\/users\/1"}],"replies":[{"embeddable":true,"href":"http:\/\/freelance-mty.com\/index.php?rest_route=%2Fwp%2Fv2%2Fcomments&post=36940"}],"version-history":[{"count":2,"href":"http:\/\/freelance-mty.com\/index.php?rest_route=\/wp\/v2\/posts\/36940\/revisions"}],"predecessor-version":[{"id":36944,"href":"http:\/\/freelance-mty.com\/index.php?rest_route=\/wp\/v2\/posts\/36940\/revisions\/36944"}],"wp:featuredmedia":[{"embeddable":true,"href":"http:\/\/freelance-mty.com\/index.php?rest_route=\/wp\/v2\/media\/36943"}],"wp:attachment":[{"href":"http:\/\/freelance-mty.com\/index.php?rest_route=%2Fwp%2Fv2%2Fmedia&parent=36940"}],"wp:term":[{"taxonomy":"category","embeddable":true,"href":"http:\/\/freelance-mty.com\/index.php?rest_route=%2Fwp%2Fv2%2Fcategories&post=36940"},{"taxonomy":"post_tag","embeddable":true,"href":"http:\/\/freelance-mty.com\/index.php?rest_route=%2Fwp%2Fv2%2Ftags&post=36940"}],"curies":[{"name":"wp","href":"https:\/\/api.w.org\/{rel}","templated":true}]}}