{"id":40860,"date":"2026-01-13T02:39:00","date_gmt":"2026-01-13T08:39:00","guid":{"rendered":"http:\/\/freelance-mty.com\/?p=40860"},"modified":"2026-01-13T14:42:52","modified_gmt":"2026-01-13T20:42:52","slug":"propone-greta-barra-endurecer-penas-para-frenar-abuso-policial","status":"publish","type":"post","link":"http:\/\/freelance-mty.com\/?p=40860","title":{"rendered":"Propone Greta Barra endurecer penas para frenar abuso policial"},"content":{"rendered":"\n<p><br>Los derechos humanos deben ser respetados por todos los cuerpos de seguridad, as\u00ed lo expuso la Diputada Local de Morena, Greta Barra, quien present\u00f3 una iniciativa para reforzar las sanciones e implementar protocolos de reeducaci\u00f3n, para quienes recurran a la brutalidad policial.<\/p>\n\n\n\n<p><br>Greta Barra, junto a Gibr\u00e1n Ornelas, Regidor de Morena por Monterrey; se\u00f1al\u00f3 que la iniciativa plantea que el abuso de autoridad por parte de un servidor p\u00fablico, podr\u00e1 ser sancionado con hasta 6 a\u00f1os de prisi\u00f3n y multa de 200 a 600 cuotas.<\/p>\n\n\n\n<p><br>\u201cLa violencia nunca ser\u00e1 la soluci\u00f3n a la violencia, la brutalidad y el abuso policial no genera confianza en la ciudadan\u00eda, lo hemos visto en m\u00e1s de una ocasi\u00f3n, como elementos policiales golpean y someten a la ciudadan\u00eda, y el objetivo de esta iniciativa es detener estas pr\u00e1cticas\u201d expuso la legisladora.<\/p>\n\n\n\n<p><br>En el C\u00f3digo Penal, apunt\u00f3 Greta, se establece que de forma obligatoria, las personas sancionadas deber\u00e1n recibir: cursos y capacitaciones en derechos humanos, evaluaci\u00f3n psicol\u00f3gica profesional, programas de reeducaci\u00f3n, sensibilizaci\u00f3n \u00e9tica, y manejo de emociones y control de impulsos.<\/p>\n\n\n\n<p><br>\u201cTiene todo que ver con esta preocupaci\u00f3n que tenemos varias y varios de nosotros, reitero, quienes nos hemos dedicado al activismo, que estamos en las manifestaciones y escuchamos que hay detenciones arbitrarias, o que se sobrepasa la ley en ese sentido\u201d a\u00f1adi\u00f3 la diputada.<\/p>\n\n\n\n<p><br>Barra expuso que la iniciativa contempla modificaciones a los art\u00edculos 209 y 210, as\u00ed como la adici\u00f3n del art\u00edculo 216 BIS en el C\u00f3digo Penal del Estado de Nuevo Le\u00f3n; adem\u00e1s de las reformas en los art\u00edculos 121, 126 y 164, y la adici\u00f3n del art\u00edculo 156 BIS II, en la Ley de Seguridad P\u00fablica Estatal.<\/p>\n\n\n\n<p><br>Adem\u00e1s, la Diputada Local record\u00f3 los resultados efectivos de la estrategia nacional de la Presidenta Claudia Sheinbaum, que contempla cuatro pilares: atender las causas de la violencia, consolidar la Guardia Nacional, fortalecer las investigaciones, y reforzar la colaboraci\u00f3n entre gobierno federal, estatal y municipal.<\/p>\n\n\n\n<p><br>\u201cMuy poca gente se anima a denunciar, y es lo que quiero hacer con esta iniciativa, que empecemos a hablar de este tema, desde hace muchos a\u00f1os sabemos que existe, sin embargo, por el miedo que hay, no nos atrevemos a hablar de eso, pero es una realidad que nos est\u00e1 rebasando en nuestro Estado\u201d asever\u00f3 Greta Barra.<\/p>\n\n\n\n<figure class=\"wp-block-image size-large\"><a href=\"http:\/\/freelance-mty.com\/wp-content\/uploads\/2026\/01\/IMG-20260113-WA0010-scaled.jpg\"><img loading=\"lazy\" width=\"1024\" height=\"683\" src=\"http:\/\/freelance-mty.com\/wp-content\/uploads\/2026\/01\/IMG-20260113-WA0010-1024x683.jpg\" alt=\"\" class=\"wp-image-40865\" srcset=\"http:\/\/freelance-mty.com\/wp-content\/uploads\/2026\/01\/IMG-20260113-WA0010-1024x683.jpg 1024w, http:\/\/freelance-mty.com\/wp-content\/uploads\/2026\/01\/IMG-20260113-WA0010-300x200.jpg 300w, http:\/\/freelance-mty.com\/wp-content\/uploads\/2026\/01\/IMG-20260113-WA0010-768x512.jpg 768w, http:\/\/freelance-mty.com\/wp-content\/uploads\/2026\/01\/IMG-20260113-WA0010-1536x1024.jpg 1536w, http:\/\/freelance-mty.com\/wp-content\/uploads\/2026\/01\/IMG-20260113-WA0010-2048x1365.jpg 2048w\" sizes=\"(max-width: 1024px) 100vw, 1024px\" \/><\/a><\/figure>\n\n\n\n<p><\/p>\n","protected":false},"excerpt":{"rendered":"<p>Los derechos humanos deben ser respetados por todos los cuerpos de seguridad, as\u00ed lo expuso la Diputada Local de Morena,&#8230;<\/p>\n","protected":false},"author":1,"featured_media":40864,"comment_status":"open","ping_status":"open","sticky":false,"template":"","format":"standard","meta":[],"categories":[8,7],"tags":[],"_links":{"self":[{"href":"http:\/\/freelance-mty.com\/index.php?rest_route=\/wp\/v2\/posts\/40860"}],"collection":[{"href":"http:\/\/freelance-mty.com\/index.php?rest_route=\/wp\/v2\/posts"}],"about":[{"href":"http:\/\/freelance-mty.com\/index.php?rest_route=\/wp\/v2\/types\/post"}],"author":[{"embeddable":true,"href":"http:\/\/freelance-mty.com\/index.php?rest_route=\/wp\/v2\/users\/1"}],"replies":[{"embeddable":true,"href":"http:\/\/freelance-mty.com\/index.php?rest_route=%2Fwp%2Fv2%2Fcomments&post=40860"}],"version-history":[{"count":3,"href":"http:\/\/freelance-mty.com\/index.php?rest_route=\/wp\/v2\/posts\/40860\/revisions"}],"predecessor-version":[{"id":40867,"href":"http:\/\/freelance-mty.com\/index.php?rest_route=\/wp\/v2\/posts\/40860\/revisions\/40867"}],"wp:featuredmedia":[{"embeddable":true,"href":"http:\/\/freelance-mty.com\/index.php?rest_route=\/wp\/v2\/media\/40864"}],"wp:attachment":[{"href":"http:\/\/freelance-mty.com\/index.php?rest_route=%2Fwp%2Fv2%2Fmedia&parent=40860"}],"wp:term":[{"taxonomy":"category","embeddable":true,"href":"http:\/\/freelance-mty.com\/index.php?rest_route=%2Fwp%2Fv2%2Fcategories&post=40860"},{"taxonomy":"post_tag","embeddable":true,"href":"http:\/\/freelance-mty.com\/index.php?rest_route=%2Fwp%2Fv2%2Ftags&post=40860"}],"curies":[{"name":"wp","href":"https:\/\/api.w.org\/{rel}","templated":true}]}}