{"id":40868,"date":"2026-01-12T15:09:00","date_gmt":"2026-01-12T21:09:00","guid":{"rendered":"http:\/\/freelance-mty.com\/?p=40868"},"modified":"2026-01-13T15:13:05","modified_gmt":"2026-01-13T21:13:05","slug":"40868","status":"publish","type":"post","link":"http:\/\/freelance-mty.com\/?p=40868","title":{"rendered":"Inician festejos por bicentenario del natalicio del Gral. Mariano Escobe"},"content":{"rendered":"\n<h1><\/h1>\n\n\n\n<p>Escobedo inici\u00f3 este lunes los festejos por el bicentenario del natalicio del General Mariano Escobedo con actividades culturales y acad\u00e9micas que resaltan su legado hist\u00f3rico, su lucha y sus ideales en favor de M\u00e9xico.<\/p>\n\n\n\n<p>El inicio de la jornada cultural fue encabezada por el alcalde Andr\u00e9s Mijes, quien destac\u00f3 la importancia de honrar la memoria del h\u00e9roe nacional y su legado.<\/p>\n\n\n\n<p>Las actividades comenzaron en el Ala Sur del Colegio Civil Centro Cultural de la UANL con la presentaci\u00f3n del Libro Conmemorativo del Bicentenario del Natalicio del General Mariano Escobedo, en la que participaron Felipe \u00c1vila, director del Instituto Nacional de Estudios Hist\u00f3ricos de las Revoluciones de M\u00e9xico (INEHRM), y Santos Guzm\u00e1n, Rector de la UANL.<\/p>\n\n\n\n<p>El Alcalde se\u00f1al\u00f3 que el libro ayuda a entender el pensamiento de Mariano Escobedo, que la soberan\u00eda no se proclama, se construye.<\/p>\n\n\n\n<p>\u201cEste libro tambi\u00e9n nos ayuda a entender algo muy actual del pensamiento de Mariano Escobedo, que la soberan\u00eda no se proclama, se construye. Hoy vemos esa misma l\u00f3gica en la defensa ejemplar de la Rep\u00fablica que encabeza la Presidenta Claudia Sheinbaum Pardo\u201d, se\u00f1al\u00f3.<\/p>\n\n\n\n<p>El alcalde Andr\u00e9s Mijes se\u00f1al\u00f3 que este trabajo demuestra que en Nuevo Le\u00f3n s\u00ed se escribe la historia con rigor acad\u00e9mico y agradeci\u00f3 la colaboraci\u00f3n entre la UANL y el INEHRM.<\/p>\n\n\n\n<p>\u201cHoy juntos como comunidad, presentamos un libro que es mucho m\u00e1s que una obra conmemorativa y este libro viene a atender ese pendiente con la memoria de la Rep\u00fablica, al ofrecer una lectura integral del hombre, del pol\u00edtico y del constructor de un proyecto nacional liberal y modernizador que sigue vigente\u201d, expres\u00f3 en su mensaje el Edil.<\/p>\n\n\n\n<p>Por su parte, Santos Guzm\u00e1n reconoci\u00f3 la labor emprendida por el municipio de Escobedo por enaltecer la historia a trav\u00e9s de un proyecto de alto valor social, educativo y cultural.<\/p>\n\n\n\n<p>\u201cEscobedo demuestra que, cuando los gobiernos locales y las universidades trabajan de manera coordinada, se pueden generar proyectos de alta valor social, educativo y cultural\u201d, indic\u00f3 el Rector de la UANL.<\/p>\n\n\n\n<p>Felipe \u00c1vila, detall\u00f3 que este libro es una de las biograf\u00edas m\u00e1s completas del h\u00e9roe nacional del siglo XIX, al abordar su formaci\u00f3n, trayectoria militar, pensamiento pol\u00edtico y su papel en momentos clave de la historia nacional.<\/p>\n\n\n\n<p>Como parte de los festejos, tambi\u00e9n se inaugur\u00f3 la exposici\u00f3n \u201cEscobedo Bicentenario\u201d en los bajos del Palacio Municipal, una muestra gr\u00e1fica y documental integrada por 11 mamparas que recorren cronol\u00f3gicamente su vida, obra y legado hist\u00f3rico. Posteriormente, la exposici\u00f3n visitar\u00e1 diversos planteles de la localidad.<\/p>\n\n\n\n<p>Las actividades continuar\u00e1n este viernes y s\u00e1bado con la presentaci\u00f3n gratuita de la obra teatral \u201cUn General a la Sombra\u201d, del dramaturgo Hern\u00e1n Galindo, con la participaci\u00f3n del actor Rodrigo Murray, en el Teatro de la Ciudad de Monterrey.<\/p>\n\n\n\n<p>Asimismo, se tiene una serie de actividades preparadas, el programa completo del festejo adem\u00e1s de los eventos conmemorativos puede consultarse en las redes sociales oficiales del Municipio en @GobEscobedo.<\/p>\n\n\n\n<figure class=\"wp-block-image size-large\"><a href=\"http:\/\/freelance-mty.com\/wp-content\/uploads\/2026\/01\/photo_5129814668565220304_y.jpg\"><img loading=\"lazy\" width=\"1024\" height=\"682\" src=\"http:\/\/freelance-mty.com\/wp-content\/uploads\/2026\/01\/photo_5129814668565220304_y-1024x682.jpg\" alt=\"\" class=\"wp-image-40872\" srcset=\"http:\/\/freelance-mty.com\/wp-content\/uploads\/2026\/01\/photo_5129814668565220304_y-1024x682.jpg 1024w, http:\/\/freelance-mty.com\/wp-content\/uploads\/2026\/01\/photo_5129814668565220304_y-300x200.jpg 300w, http:\/\/freelance-mty.com\/wp-content\/uploads\/2026\/01\/photo_5129814668565220304_y-768x512.jpg 768w, http:\/\/freelance-mty.com\/wp-content\/uploads\/2026\/01\/photo_5129814668565220304_y.jpg 1280w\" sizes=\"(max-width: 1024px) 100vw, 1024px\" \/><\/a><\/figure>\n\n\n\n<figure class=\"wp-block-image size-large\"><a href=\"http:\/\/freelance-mty.com\/wp-content\/uploads\/2026\/01\/photo_5130088107658120155_y.jpg\"><img loading=\"lazy\" width=\"1024\" height=\"682\" src=\"http:\/\/freelance-mty.com\/wp-content\/uploads\/2026\/01\/photo_5130088107658120155_y-1024x682.jpg\" alt=\"\" class=\"wp-image-40873\" srcset=\"http:\/\/freelance-mty.com\/wp-content\/uploads\/2026\/01\/photo_5130088107658120155_y-1024x682.jpg 1024w, http:\/\/freelance-mty.com\/wp-content\/uploads\/2026\/01\/photo_5130088107658120155_y-300x200.jpg 300w, http:\/\/freelance-mty.com\/wp-content\/uploads\/2026\/01\/photo_5130088107658120155_y-768x512.jpg 768w, http:\/\/freelance-mty.com\/wp-content\/uploads\/2026\/01\/photo_5130088107658120155_y.jpg 1280w\" sizes=\"(max-width: 1024px) 100vw, 1024px\" \/><\/a><\/figure>\n","protected":false},"excerpt":{"rendered":"<p>Escobedo inici\u00f3 este lunes los festejos por el bicentenario del natalicio del General Mariano Escobedo con actividades culturales y acad\u00e9micas&#8230;<\/p>\n","protected":false},"author":1,"featured_media":40871,"comment_status":"open","ping_status":"open","sticky":false,"template":"","format":"standard","meta":[],"categories":[7],"tags":[],"_links":{"self":[{"href":"http:\/\/freelance-mty.com\/index.php?rest_route=\/wp\/v2\/posts\/40868"}],"collection":[{"href":"http:\/\/freelance-mty.com\/index.php?rest_route=\/wp\/v2\/posts"}],"about":[{"href":"http:\/\/freelance-mty.com\/index.php?rest_route=\/wp\/v2\/types\/post"}],"author":[{"embeddable":true,"href":"http:\/\/freelance-mty.com\/index.php?rest_route=\/wp\/v2\/users\/1"}],"replies":[{"embeddable":true,"href":"http:\/\/freelance-mty.com\/index.php?rest_route=%2Fwp%2Fv2%2Fcomments&post=40868"}],"version-history":[{"count":4,"href":"http:\/\/freelance-mty.com\/index.php?rest_route=\/wp\/v2\/posts\/40868\/revisions"}],"predecessor-version":[{"id":40878,"href":"http:\/\/freelance-mty.com\/index.php?rest_route=\/wp\/v2\/posts\/40868\/revisions\/40878"}],"wp:featuredmedia":[{"embeddable":true,"href":"http:\/\/freelance-mty.com\/index.php?rest_route=\/wp\/v2\/media\/40871"}],"wp:attachment":[{"href":"http:\/\/freelance-mty.com\/index.php?rest_route=%2Fwp%2Fv2%2Fmedia&parent=40868"}],"wp:term":[{"taxonomy":"category","embeddable":true,"href":"http:\/\/freelance-mty.com\/index.php?rest_route=%2Fwp%2Fv2%2Fcategories&post=40868"},{"taxonomy":"post_tag","embeddable":true,"href":"http:\/\/freelance-mty.com\/index.php?rest_route=%2Fwp%2Fv2%2Ftags&post=40868"}],"curies":[{"name":"wp","href":"https:\/\/api.w.org\/{rel}","templated":true}]}}