{"id":40927,"date":"2026-01-09T16:09:00","date_gmt":"2026-01-09T22:09:00","guid":{"rendered":"http:\/\/freelance-mty.com\/?p=40927"},"modified":"2026-01-15T04:11:03","modified_gmt":"2026-01-15T10:11:03","slug":"alerta-proteccion-civil-guadalupe-por-frente-frio","status":"publish","type":"post","link":"http:\/\/freelance-mty.com\/?p=40927","title":{"rendered":"Alerta Protecci\u00f3n Civil Guadalupe por frente fr\u00edo"},"content":{"rendered":"\n<p><\/p>\n\n\n\n<p>Con el pron\u00f3stico de temperaturas de un solo d\u00edgito al amanecer de este domingo, la Direcci\u00f3n de Protecci\u00f3n Civil de Guadalupe exhort\u00f3 a las familias a proteger a grupos vulnerables de la poblaci\u00f3n y no exponerlos a cambios bruscos.<\/p>\n\n\n\n<p>A partir de la madrugada del domingo se prev\u00e9 que el term\u00f3metro baje a 6 \u00f3 7 grados con la entrada del frente fr\u00edo n\u00famero 27, seg\u00fan el Sistema Meteorol\u00f3gico Nacional, coment\u00f3 Fernando Escobedo, titular de la corporaci\u00f3n municipal.<\/p>\n\n\n\n<p>\u201cSe esperan lluvias y por ende baja la sensaci\u00f3n t\u00e9rmica y despu\u00e9s de tener temperaturas de 26 a 28 grados, incluso 30 durante los primeros d\u00edas del a\u00f1o y si amanecemos con 6 grados, cualquier salida de casa puede desencadenar enfermedades respiratorias, pedimos a las familias proteger a los beb\u00e9s, pero sin exagerar, no arrop\u00e1ndolos de m\u00e1s a fin de prevenir las muertes de cuna\u201d, coment\u00f3.<\/p>\n\n\n\n<p>Como parte de las acciones de apoyo y auxilio, Protecci\u00f3n Civil Municipal implementar\u00e1 el Operativo Carrusel, con recorridos itinerantes y afuera de hospitales de la ciudad, entregando bebidas calientes y cobijas a personas que permanecen en la intemperie.<\/p>\n\n\n\n<p>En coordinaci\u00f3n con el DIF municipal se habilitar\u00e1n dos albergues temporales en los Centros del Sistema en las colonias 25 de Noviembre y Valle Hermoso, donde se brindar\u00e1 alojamiento, alimentos, servicios m\u00e9dicos y abrigo a quienes lo requieran.<\/p>\n\n\n\n<p>Fernando Escobedo recomienda adem\u00e1s proteger tuber\u00edas de agua y de los veh\u00edculos, as\u00ed como resguardar a las mascotas y no dejarlos en techos o afuera de los domicilios.<\/p>\n","protected":false},"excerpt":{"rendered":"<p>Con el pron\u00f3stico de temperaturas de un solo d\u00edgito al amanecer de este domingo, la Direcci\u00f3n de Protecci\u00f3n Civil de&#8230;<\/p>\n","protected":false},"author":1,"featured_media":40929,"comment_status":"open","ping_status":"open","sticky":false,"template":"","format":"standard","meta":[],"categories":[8,7],"tags":[],"_links":{"self":[{"href":"http:\/\/freelance-mty.com\/index.php?rest_route=\/wp\/v2\/posts\/40927"}],"collection":[{"href":"http:\/\/freelance-mty.com\/index.php?rest_route=\/wp\/v2\/posts"}],"about":[{"href":"http:\/\/freelance-mty.com\/index.php?rest_route=\/wp\/v2\/types\/post"}],"author":[{"embeddable":true,"href":"http:\/\/freelance-mty.com\/index.php?rest_route=\/wp\/v2\/users\/1"}],"replies":[{"embeddable":true,"href":"http:\/\/freelance-mty.com\/index.php?rest_route=%2Fwp%2Fv2%2Fcomments&post=40927"}],"version-history":[{"count":1,"href":"http:\/\/freelance-mty.com\/index.php?rest_route=\/wp\/v2\/posts\/40927\/revisions"}],"predecessor-version":[{"id":40928,"href":"http:\/\/freelance-mty.com\/index.php?rest_route=\/wp\/v2\/posts\/40927\/revisions\/40928"}],"wp:featuredmedia":[{"embeddable":true,"href":"http:\/\/freelance-mty.com\/index.php?rest_route=\/wp\/v2\/media\/40929"}],"wp:attachment":[{"href":"http:\/\/freelance-mty.com\/index.php?rest_route=%2Fwp%2Fv2%2Fmedia&parent=40927"}],"wp:term":[{"taxonomy":"category","embeddable":true,"href":"http:\/\/freelance-mty.com\/index.php?rest_route=%2Fwp%2Fv2%2Fcategories&post=40927"},{"taxonomy":"post_tag","embeddable":true,"href":"http:\/\/freelance-mty.com\/index.php?rest_route=%2Fwp%2Fv2%2Ftags&post=40927"}],"curies":[{"name":"wp","href":"https:\/\/api.w.org\/{rel}","templated":true}]}}