{"id":4132,"date":"2019-01-19T22:59:07","date_gmt":"2019-01-19T22:59:07","guid":{"rendered":"http:\/\/freelance-mty.com\/?p=4132"},"modified":"2019-01-19T22:59:08","modified_gmt":"2019-01-19T22:59:08","slug":"exigen-diputados-federales-del-pan-que-inversion-a-refineria-contemple-procesos-de-mitigacion-de-emision-de-contaminantes","status":"publish","type":"post","link":"http:\/\/freelance-mty.com\/?p=4132","title":{"rendered":"EXIGEN DIPUTADOS FEDERALES DEL PAN QUE INVERSI\u00d3N A REFINER\u00cdA CONTEMPLE PROCESOS DE MITIGACI\u00d3N DE EMISI\u00d3N DE CONTAMINANTES"},"content":{"rendered":"\n<p><\/p>\n\n\n\n<p>Los diputados federales del PAN por Nuevo Le\u00f3n solicitaron a la Secretar\u00eda de Energ\u00eda explicar si los 4 mil millones de pesos que ser\u00e1n invertidos este a\u00f1o a la Refiner\u00eda de Cadereyta, contemplan la renovaci\u00f3n total de los equipos de control de emisiones en virtud de la contaminaci\u00f3n que prevalece en el \u00c1rea Metropolitana de Monterrey.<\/p>\n\n\n\n<p>V\u00edctor P\u00e9rez D\u00edaz, coordinador de los diputados federales del PAN por Nuevo Le\u00f3n, dijo que es preocupante el hecho de que la Secretaria de Energ\u00eda, Roc\u00edo Nahle, haya visitado la Refiner\u00eda de Cadereyta para anunciar que la producci\u00f3n llegar\u00e1 al 100 por ciento en el 2020, sin tomar en cuenta que esa instalaci\u00f3n de PEMEX es la principal causante de la contaminaci\u00f3n.<\/p>\n\n\n\n<p>\u201cEsta semana nos reunimos con el secretario  Manuel Vital (de Desarrollo Sustentable) y ah\u00ed nos dio a conocer parte de un estudio muy importante elaborado por el Instituto Mario Molina, en donde se detalla que gran parte de las part\u00edculas menores a 2.5 micras son generadas por la contaminaci\u00f3n que emite la Refiner\u00eda y eso que ahorita est\u00e1 trabajando solamente a un 25 por ciento de su capacidad\u201d, agreg\u00f3 P\u00e9rez D\u00edaz.<\/p>\n\n\n\n<p>El legislador federal del PAN se\u00f1al\u00f3 que es preocupante que la Secretaria de Energ\u00eda minimice la contaminaci\u00f3n que produce la Refiner\u00eda y urgi\u00f3 para que a la par de la modernizaci\u00f3n de la planta, se incluyan todas las mejoras respectivas en aparatos reductores de la contaminaci\u00f3n.<\/p>\n\n\n\n<p>\u201cNos queda claro que tenemos que prender los focos de alerta con la contaminaci\u00f3n que nos produce la Refiner\u00eda. Si ahorita estamos con baja producci\u00f3n y hemos tenido d\u00edas muy contaminados en el \u00c1rea Metropolitana, eso nos habla de que no podemos bajar la guardia en materia ambiental. Por nuestra parte exigiremos todas las mejoras ambientales necesarias para no seguir sufriendo d\u00edas de p\u00e9sima calidad del aire\u201d, concluy\u00f3.<\/p>\n","protected":false},"excerpt":{"rendered":"<p>Los diputados federales del PAN por Nuevo Le\u00f3n solicitaron a la Secretar\u00eda de Energ\u00eda explicar si los 4 mil millones&#8230;<\/p>\n","protected":false},"author":1,"featured_media":4133,"comment_status":"open","ping_status":"open","sticky":false,"template":"","format":"standard","meta":[],"categories":[3],"tags":[],"_links":{"self":[{"href":"http:\/\/freelance-mty.com\/index.php?rest_route=\/wp\/v2\/posts\/4132"}],"collection":[{"href":"http:\/\/freelance-mty.com\/index.php?rest_route=\/wp\/v2\/posts"}],"about":[{"href":"http:\/\/freelance-mty.com\/index.php?rest_route=\/wp\/v2\/types\/post"}],"author":[{"embeddable":true,"href":"http:\/\/freelance-mty.com\/index.php?rest_route=\/wp\/v2\/users\/1"}],"replies":[{"embeddable":true,"href":"http:\/\/freelance-mty.com\/index.php?rest_route=%2Fwp%2Fv2%2Fcomments&post=4132"}],"version-history":[{"count":1,"href":"http:\/\/freelance-mty.com\/index.php?rest_route=\/wp\/v2\/posts\/4132\/revisions"}],"predecessor-version":[{"id":4134,"href":"http:\/\/freelance-mty.com\/index.php?rest_route=\/wp\/v2\/posts\/4132\/revisions\/4134"}],"wp:featuredmedia":[{"embeddable":true,"href":"http:\/\/freelance-mty.com\/index.php?rest_route=\/wp\/v2\/media\/4133"}],"wp:attachment":[{"href":"http:\/\/freelance-mty.com\/index.php?rest_route=%2Fwp%2Fv2%2Fmedia&parent=4132"}],"wp:term":[{"taxonomy":"category","embeddable":true,"href":"http:\/\/freelance-mty.com\/index.php?rest_route=%2Fwp%2Fv2%2Fcategories&post=4132"},{"taxonomy":"post_tag","embeddable":true,"href":"http:\/\/freelance-mty.com\/index.php?rest_route=%2Fwp%2Fv2%2Ftags&post=4132"}],"curies":[{"name":"wp","href":"https:\/\/api.w.org\/{rel}","templated":true}]}}