{"id":41865,"date":"2026-04-25T14:19:00","date_gmt":"2026-04-25T20:19:00","guid":{"rendered":"http:\/\/freelance-mty.com\/?p=41865"},"modified":"2026-04-26T00:26:01","modified_gmt":"2026-04-26T06:26:01","slug":"tiene-seccion-21-del-snte-gran-festejo-por-dia-del-nino","status":"publish","type":"post","link":"http:\/\/freelance-mty.com\/?p=41865","title":{"rendered":"Tiene Secci\u00f3n 21 del SNTE gran festejo por \u201cD\u00eda del Ni\u00f1o\u201d"},"content":{"rendered":"\n<p>Con la asistencia de m\u00e1s de 18 mil personas, la Secci\u00f3n 21 del SNTE, festej\u00f3 en grande a las y los hijos de los sindicalizados con motivo del D\u00eda del Ni\u00f1o, este 25 de abril.<\/p>\n\n\n\n<p>El Mtro. Jos\u00e9 Francisco Mart\u00ednez Calder\u00f3n, dirigente de la Secci\u00f3n 21, encabez\u00f3 el evento acompa\u00f1ado por la Mtra. Elsa Mar\u00eda Mart\u00ednez Pe\u00f1a, en representaci\u00f3n del Mtro. Alfonso Cepeda Salas, secretario general del Sindicato Nacional de Trabajadores de la Educaci\u00f3n (SNTE).<\/p>\n\n\n\n<p>\u201cEs una gran actividad que incluye regalos, juegos y muchas actividades m\u00e1s para los ni\u00f1os\u201d, expres\u00f3 el Mtro. Mart\u00ednez Calder\u00f3n en entrevista previa.<\/p>\n\n\n\n<p>Destac\u00f3 la importancia que tiene para la Directiva Sindical festejar a las y los hijos de los trabajadores de la Secci\u00f3n 21, pues una de las prioridades que ha tenido desde el inicio de su gesti\u00f3n ha sido el mejoramiento del bienestar de los agremiados y sus familias.<\/p>\n\n\n\n<p>El l\u00edder magisterial reconoci\u00f3 el trabajo y apoyo de los integrantes de la Directiva Sindical, ya que este tipo de eventos requieren meses de preparaci\u00f3n.<\/p>\n\n\n\n<p>Por su parte, la Mtra. Mart\u00ednez Pe\u00f1a, pidi\u00f3 a los ni\u00f1os presentes que nunca dejen de so\u00f1ar y creer, ya que con su inocencia iluminan el mundo de los adultos.<\/p>\n\n\n\n<p>Teniendo como sede la Arena Monterrey, los peque\u00f1os acompa\u00f1ados de sus pap\u00e1s disfrutaron en grande con el \u201cShow de Bely y Beto\u201d, un espect\u00e1culo de luces, m\u00fasica y baile.<\/p>\n\n\n\n<p>Adem\u00e1s, los reyes de la casa -algunos disfrazados como \u201cBely y Beto\u201d- participaron en la rifa de juegos de video, tabletas electr\u00f3nicas y bicicletas, que fueron entregadas por el Mtro. Francisco Mart\u00ednez Calder\u00f3n.<\/p>\n\n\n\n<p>Cabe mencionar, para que todos los hijos de los sindicalizados pudieran ver este show, se llevaron a cabo dos eventos: uno en la ma\u00f1ana y otro en la tarde, que resultaron todo un \u00e9xito.<\/p>\n\n\n\n<figure class=\"wp-block-image size-full\"><a href=\"http:\/\/freelance-mty.com\/wp-content\/uploads\/2026\/04\/IMG_20260425_104411-390x205-2.jpg\"><img loading=\"lazy\" width=\"390\" height=\"205\" src=\"http:\/\/freelance-mty.com\/wp-content\/uploads\/2026\/04\/IMG_20260425_104411-390x205-2.jpg\" alt=\"\" class=\"wp-image-41871\" srcset=\"http:\/\/freelance-mty.com\/wp-content\/uploads\/2026\/04\/IMG_20260425_104411-390x205-2.jpg 390w, http:\/\/freelance-mty.com\/wp-content\/uploads\/2026\/04\/IMG_20260425_104411-390x205-2-300x158.jpg 300w\" sizes=\"(max-width: 390px) 100vw, 390px\" \/><\/a><\/figure>\n\n\n\n<figure class=\"wp-block-image size-large\"><a href=\"http:\/\/freelance-mty.com\/wp-content\/uploads\/2026\/04\/IMG_20260425_220212-1536x709-1.jpg\"><img loading=\"lazy\" width=\"1024\" height=\"473\" src=\"http:\/\/freelance-mty.com\/wp-content\/uploads\/2026\/04\/IMG_20260425_220212-1536x709-1-1024x473.jpg\" alt=\"\" class=\"wp-image-41872\" srcset=\"http:\/\/freelance-mty.com\/wp-content\/uploads\/2026\/04\/IMG_20260425_220212-1536x709-1-1024x473.jpg 1024w, http:\/\/freelance-mty.com\/wp-content\/uploads\/2026\/04\/IMG_20260425_220212-1536x709-1-300x138.jpg 300w, http:\/\/freelance-mty.com\/wp-content\/uploads\/2026\/04\/IMG_20260425_220212-1536x709-1-768x355.jpg 768w, http:\/\/freelance-mty.com\/wp-content\/uploads\/2026\/04\/IMG_20260425_220212-1536x709-1.jpg 1536w\" sizes=\"(max-width: 1024px) 100vw, 1024px\" \/><\/a><\/figure>\n\n\n\n<figure class=\"wp-block-image size-full\"><a href=\"http:\/\/freelance-mty.com\/wp-content\/uploads\/2026\/04\/IMG_7154-2-1024x683-1.jpg\"><img loading=\"lazy\" width=\"1024\" height=\"683\" src=\"http:\/\/freelance-mty.com\/wp-content\/uploads\/2026\/04\/IMG_7154-2-1024x683-1.jpg\" alt=\"\" class=\"wp-image-41873\" srcset=\"http:\/\/freelance-mty.com\/wp-content\/uploads\/2026\/04\/IMG_7154-2-1024x683-1.jpg 1024w, http:\/\/freelance-mty.com\/wp-content\/uploads\/2026\/04\/IMG_7154-2-1024x683-1-300x200.jpg 300w, http:\/\/freelance-mty.com\/wp-content\/uploads\/2026\/04\/IMG_7154-2-1024x683-1-768x512.jpg 768w\" sizes=\"(max-width: 1024px) 100vw, 1024px\" \/><\/a><\/figure>\n","protected":false},"excerpt":{"rendered":"<p>Con la asistencia de m\u00e1s de 18 mil personas, la Secci\u00f3n 21 del SNTE, festej\u00f3 en grande a las y&#8230;<\/p>\n","protected":false},"author":1,"featured_media":41869,"comment_status":"open","ping_status":"open","sticky":false,"template":"","format":"standard","meta":[],"categories":[8,7],"tags":[],"_links":{"self":[{"href":"http:\/\/freelance-mty.com\/index.php?rest_route=\/wp\/v2\/posts\/41865"}],"collection":[{"href":"http:\/\/freelance-mty.com\/index.php?rest_route=\/wp\/v2\/posts"}],"about":[{"href":"http:\/\/freelance-mty.com\/index.php?rest_route=\/wp\/v2\/types\/post"}],"author":[{"embeddable":true,"href":"http:\/\/freelance-mty.com\/index.php?rest_route=\/wp\/v2\/users\/1"}],"replies":[{"embeddable":true,"href":"http:\/\/freelance-mty.com\/index.php?rest_route=%2Fwp%2Fv2%2Fcomments&post=41865"}],"version-history":[{"count":2,"href":"http:\/\/freelance-mty.com\/index.php?rest_route=\/wp\/v2\/posts\/41865\/revisions"}],"predecessor-version":[{"id":41874,"href":"http:\/\/freelance-mty.com\/index.php?rest_route=\/wp\/v2\/posts\/41865\/revisions\/41874"}],"wp:featuredmedia":[{"embeddable":true,"href":"http:\/\/freelance-mty.com\/index.php?rest_route=\/wp\/v2\/media\/41869"}],"wp:attachment":[{"href":"http:\/\/freelance-mty.com\/index.php?rest_route=%2Fwp%2Fv2%2Fmedia&parent=41865"}],"wp:term":[{"taxonomy":"category","embeddable":true,"href":"http:\/\/freelance-mty.com\/index.php?rest_route=%2Fwp%2Fv2%2Fcategories&post=41865"},{"taxonomy":"post_tag","embeddable":true,"href":"http:\/\/freelance-mty.com\/index.php?rest_route=%2Fwp%2Fv2%2Ftags&post=41865"}],"curies":[{"name":"wp","href":"https:\/\/api.w.org\/{rel}","templated":true}]}}