{"id":41893,"date":"2026-04-29T04:50:00","date_gmt":"2026-04-29T10:50:00","guid":{"rendered":"http:\/\/freelance-mty.com\/?p=41893"},"modified":"2026-04-29T16:50:53","modified_gmt":"2026-04-29T22:50:53","slug":"apoya-diputada-lupita-dar-rango-constitucional-a-la-lactancia-materna","status":"publish","type":"post","link":"http:\/\/freelance-mty.com\/?p=41893","title":{"rendered":"Apoya Diputada Lupita dar rango constitucional a la lactancia materna"},"content":{"rendered":"\n<p><\/p>\n\n\n\n<p>Mty. NL (29\/Abr\/26).- El Congreso del Estado de Nuevo Le\u00f3n admiti\u00f3 hoy, en primera vuelta, el proyecto de decreto para dar a la lactancia materna rango de derecho constitucional.<\/p>\n\n\n\n<p>A nombre del Grupo Legislativo del Partido del Trabajo, la diputada Lupita Rodr\u00edguez Mart\u00ednez se pronunci\u00f3 a favor de reformar el art\u00edculo 36 de la Constituci\u00f3n Pol\u00edtica del Estado de Nuevo Le\u00f3n.<\/p>\n\n\n\n<p>Mediante dicha reforma se adiciona un segundo p\u00e1rrafo, para establecer que el Estado deber\u00e1 promover, proteger y apoyar el ejercicio libre e informado de la lactancia, a trav\u00e9s de pol\u00edticas p\u00fablicas y programas de atenci\u00f3n, educaci\u00f3n y evaluaci\u00f3n.<\/p>\n\n\n\n<p>\u201cCon base en el principio del inter\u00e9s superior de la ni\u00f1ez, toda ni\u00f1a y todo ni\u00f1o tiene derecho a la lactancia materna en su primera etapa de vida\u201d, subray\u00f3 la coordinadora parlamentaria del PT.<\/p>\n\n\n\n<p>Record\u00f3 que el Partido del Trabajo fue pionero en impulsar la Ley de Lactancia Materna en el 2015 y ahora contribuye con la reforma a la Constituci\u00f3n para garantizar su ejercicio efectivo.<\/p>\n\n\n\n<p>\u201cSon acciones para que no se quede en el plano declarativo y se traduzca en una realidad para todas las mam\u00e1s y sus beb\u00e9s\u201d, declar\u00f3.<\/p>\n\n\n\n<p>Felicit\u00f3 y reconoci\u00f3 la gesti\u00f3n permanente y efectiva de la presidenta de Amar a Nuevo Le\u00f3n, Mariana Rodr\u00edguez Cant\u00fa, por los 133 lactarios instalados en todos los municipios de Nuevo Le\u00f3n, donde las mam\u00e1s trabajadoras pueden amamantar a sus beb\u00e9s.<\/p>\n\n\n\n<p>Argument\u00f3 que la OMS define la lactancia como la forma \u00f3ptima de alimentaci\u00f3n, al aportar los nutrientes necesarios en los primeros meses de vida, contribuir al desarrollo f\u00edsico, cognitivo y emocional, fortalecer el sistema inmunol\u00f3gico, reducir riesgos de enfermedades y generar un v\u00ednculo afectivo esencial entre madre e hijo.<\/p>\n\n\n\n<p>Rodr\u00edguez Mart\u00ednez remarc\u00f3 que el derecho a la lactancia es una garant\u00eda para la protecci\u00f3n integral de la ni\u00f1ez y una pol\u00edtica p\u00fablica basada en la evidencia cient\u00edfica y en los derechos humanos.<\/p>\n","protected":false},"excerpt":{"rendered":"<p>Mty. NL (29\/Abr\/26).- El Congreso del Estado de Nuevo Le\u00f3n admiti\u00f3 hoy, en primera vuelta, el proyecto de decreto para&#8230;<\/p>\n","protected":false},"author":1,"featured_media":41895,"comment_status":"open","ping_status":"open","sticky":false,"template":"","format":"standard","meta":[],"categories":[8,7],"tags":[],"_links":{"self":[{"href":"http:\/\/freelance-mty.com\/index.php?rest_route=\/wp\/v2\/posts\/41893"}],"collection":[{"href":"http:\/\/freelance-mty.com\/index.php?rest_route=\/wp\/v2\/posts"}],"about":[{"href":"http:\/\/freelance-mty.com\/index.php?rest_route=\/wp\/v2\/types\/post"}],"author":[{"embeddable":true,"href":"http:\/\/freelance-mty.com\/index.php?rest_route=\/wp\/v2\/users\/1"}],"replies":[{"embeddable":true,"href":"http:\/\/freelance-mty.com\/index.php?rest_route=%2Fwp%2Fv2%2Fcomments&post=41893"}],"version-history":[{"count":1,"href":"http:\/\/freelance-mty.com\/index.php?rest_route=\/wp\/v2\/posts\/41893\/revisions"}],"predecessor-version":[{"id":41894,"href":"http:\/\/freelance-mty.com\/index.php?rest_route=\/wp\/v2\/posts\/41893\/revisions\/41894"}],"wp:featuredmedia":[{"embeddable":true,"href":"http:\/\/freelance-mty.com\/index.php?rest_route=\/wp\/v2\/media\/41895"}],"wp:attachment":[{"href":"http:\/\/freelance-mty.com\/index.php?rest_route=%2Fwp%2Fv2%2Fmedia&parent=41893"}],"wp:term":[{"taxonomy":"category","embeddable":true,"href":"http:\/\/freelance-mty.com\/index.php?rest_route=%2Fwp%2Fv2%2Fcategories&post=41893"},{"taxonomy":"post_tag","embeddable":true,"href":"http:\/\/freelance-mty.com\/index.php?rest_route=%2Fwp%2Fv2%2Ftags&post=41893"}],"curies":[{"name":"wp","href":"https:\/\/api.w.org\/{rel}","templated":true}]}}