{"id":41935,"date":"2026-04-29T13:54:00","date_gmt":"2026-04-29T19:54:00","guid":{"rendered":"http:\/\/freelance-mty.com\/?p=41935"},"modified":"2026-04-30T01:56:50","modified_gmt":"2026-04-30T07:56:50","slug":"elevaran-lactancia-materna-a-rango-constitucional","status":"publish","type":"post","link":"http:\/\/freelance-mty.com\/?p=41935","title":{"rendered":"ELEVAR\u00c1N LACTANCIA MATERNA A RANGO CONSTITUCIONAL"},"content":{"rendered":"\n<p>Con el fin de elevar a rango constitucional el reconocimiento de la lactancia materna como un derecho humano vinculado estrechamente al derecho a la alimentaci\u00f3n, al derecho a la salud y al principio del inter\u00e9s superior de la ni\u00f1ez, el Congreso del Estado aprob\u00f3 en primera vuelta reformas a la Constituci\u00f3n Pol\u00edtica del Estado Libre y Soberano de Nuevo Le\u00f3n.<\/p>\n\n\n\n<p>La Diputada Claudia Caballero present\u00f3 en Tribuna el dictamen de la Comisi\u00f3n de Puntos Constitucionales.<\/p>\n\n\n\n<p>La propuesta parte del reconocimiento de la lactancia materna como un acto natural y fundamental que garantiza el derecho de ni\u00f1as y ni\u00f1os a una alimentaci\u00f3n adecuada desde los primeros d\u00edas de vida, as\u00ed como el derecho de las mujeres a ejercer la maternidad en condiciones dignas, saludables y libres de discriminaci\u00f3n.<\/p>\n\n\n\n<p>\u00abPese a los avances normativos, persisten obst\u00e1culos estructurales, sociales y laborales que impiden a muchas mujeres amamantar de manera libre y segura, afectando tanto la salud materna como el bienestar infantil\u00bb, se\u00f1al\u00f3 la Legisladora.<\/p>\n\n\n\n<p>La ni\u00f1ez tiene derecho a la lactancia materna en su primera etapa de vida. El Estado promover\u00e1, proteger\u00e1 y apoyar\u00e1 su ejercicio libre e informado, a trav\u00e9s de pol\u00edticas p\u00fablicas, programas de atenci\u00f3n, educaci\u00f3n, concientizaci\u00f3n, seguimiento y evaluaci\u00f3n que permitan fomentarla.<\/p>\n\n\n\n<p>El dictamen fue aprobado por unanimidad por los Legisladores.<\/p>\n","protected":false},"excerpt":{"rendered":"<p>Con el fin de elevar a rango constitucional el reconocimiento de la lactancia materna como un derecho humano vinculado estrechamente&#8230;<\/p>\n","protected":false},"author":1,"featured_media":41939,"comment_status":"open","ping_status":"open","sticky":false,"template":"","format":"standard","meta":[],"categories":[8,7],"tags":[],"_links":{"self":[{"href":"http:\/\/freelance-mty.com\/index.php?rest_route=\/wp\/v2\/posts\/41935"}],"collection":[{"href":"http:\/\/freelance-mty.com\/index.php?rest_route=\/wp\/v2\/posts"}],"about":[{"href":"http:\/\/freelance-mty.com\/index.php?rest_route=\/wp\/v2\/types\/post"}],"author":[{"embeddable":true,"href":"http:\/\/freelance-mty.com\/index.php?rest_route=\/wp\/v2\/users\/1"}],"replies":[{"embeddable":true,"href":"http:\/\/freelance-mty.com\/index.php?rest_route=%2Fwp%2Fv2%2Fcomments&post=41935"}],"version-history":[{"count":2,"href":"http:\/\/freelance-mty.com\/index.php?rest_route=\/wp\/v2\/posts\/41935\/revisions"}],"predecessor-version":[{"id":41937,"href":"http:\/\/freelance-mty.com\/index.php?rest_route=\/wp\/v2\/posts\/41935\/revisions\/41937"}],"wp:featuredmedia":[{"embeddable":true,"href":"http:\/\/freelance-mty.com\/index.php?rest_route=\/wp\/v2\/media\/41939"}],"wp:attachment":[{"href":"http:\/\/freelance-mty.com\/index.php?rest_route=%2Fwp%2Fv2%2Fmedia&parent=41935"}],"wp:term":[{"taxonomy":"category","embeddable":true,"href":"http:\/\/freelance-mty.com\/index.php?rest_route=%2Fwp%2Fv2%2Fcategories&post=41935"},{"taxonomy":"post_tag","embeddable":true,"href":"http:\/\/freelance-mty.com\/index.php?rest_route=%2Fwp%2Fv2%2Ftags&post=41935"}],"curies":[{"name":"wp","href":"https:\/\/api.w.org\/{rel}","templated":true}]}}