{"id":41940,"date":"2026-04-29T13:58:00","date_gmt":"2026-04-29T19:58:00","guid":{"rendered":"http:\/\/freelance-mty.com\/?p=41940"},"modified":"2026-04-30T01:59:59","modified_gmt":"2026-04-30T07:59:59","slug":"congreso-rinde-reconocimiento-al-instituto-tecnologico-de-nuevo-leon29-de-abril-2026","status":"publish","type":"post","link":"http:\/\/freelance-mty.com\/?p=41940","title":{"rendered":"CONGRESO RINDE RECONOCIMIENTO AL INSTITUTO TECNOL\u00d3GICO DE NUEVO LE\u00d3N29 de Abril 2026"},"content":{"rendered":"\n<p>El Congreso del Estado realiz\u00f3 un reconocimiento al Instituto Tecnol\u00f3gico de Nuevo Le\u00f3n con motivo de quincuag\u00e9simo aniversario, tiempo en que se han formado miles de profesionistas.<\/p>\n\n\n\n<p>Itzel Castillo Almanza, presidenta de la mesa directiva, destac\u00f3 que el Tecnol\u00f3gico de Nuevo Le\u00f3n, que se ubica en el municipio de Guadalupe, a lo largo de estas cinco d\u00e9cadas ha tenido un crecimiento en beneficio de la comunidad nuevoleonesa.<\/p>\n\n\n\n<p>Record\u00f3 el, esta instituci\u00f3n empez\u00f3 impartiendo dos carreras y ahora, a cinco d\u00e9cadas de distancia, se ofertan ocho ingenier\u00edas, dos maestr\u00edas y un doctorado.<\/p>\n\n\n\n<p>\u00abSin duda, a lo largo de estos diez lustros, esta instituci\u00f3n ha formado a grandes profesionistas que hoy ponen su talento y conocimiento al servicio de Nuevo Le\u00f3n, de M\u00e9xico y del mundo.<\/p>\n\n\n\n<p>\u00abLa formaci\u00f3n integral que reciben sus estudiantes es garant\u00eda de que egresan mujeres y hombres preparados, capaces de responder a las necesidades del mercado laboral y de contribuir al desarrollo de nuestras comunidades\u00bb.<\/p>\n\n\n\n<p>Castillo Almanza dijo que lejos quedo el primero de octubre de 1976, fecha en la que fue fundado el Instituto Tecnol\u00f3gico de Nuevo Le\u00f3n con el prop\u00f3sito de difundir en el pa\u00eds los beneficios de la educaci\u00f3n tecnol\u00f3gica.<\/p>\n\n\n\n<p>Se convirti\u00f3, manifest\u00f3, en la primera Instituci\u00f3n Federal de Educaci\u00f3n Superior en el Estado y en la n\u00famero 48 del Sistema Nacional de Institutos Tecnol\u00f3gicos del Pa\u00eds y sus logros est\u00e1n a la vista.<\/p>\n\n\n\n<p>La presidenta del Congreso destac\u00f3 que el \u00e9xito del Instituto Tecnol\u00f3gico de Nuevo Le\u00f3n se debe a la calidad y compromiso de su planta docente y a generaciones de estudiantes que, con esfuerzo, disciplina y orgullo, han puesto en alto el nombre de esta instituci\u00f3n durante estos 50 a\u00f1os.<\/p>\n","protected":false},"excerpt":{"rendered":"<p>El Congreso del Estado realiz\u00f3 un reconocimiento al Instituto Tecnol\u00f3gico de Nuevo Le\u00f3n con motivo de quincuag\u00e9simo aniversario, tiempo en&#8230;<\/p>\n","protected":false},"author":1,"featured_media":41942,"comment_status":"open","ping_status":"open","sticky":false,"template":"","format":"standard","meta":[],"categories":[8,7],"tags":[],"_links":{"self":[{"href":"http:\/\/freelance-mty.com\/index.php?rest_route=\/wp\/v2\/posts\/41940"}],"collection":[{"href":"http:\/\/freelance-mty.com\/index.php?rest_route=\/wp\/v2\/posts"}],"about":[{"href":"http:\/\/freelance-mty.com\/index.php?rest_route=\/wp\/v2\/types\/post"}],"author":[{"embeddable":true,"href":"http:\/\/freelance-mty.com\/index.php?rest_route=\/wp\/v2\/users\/1"}],"replies":[{"embeddable":true,"href":"http:\/\/freelance-mty.com\/index.php?rest_route=%2Fwp%2Fv2%2Fcomments&post=41940"}],"version-history":[{"count":2,"href":"http:\/\/freelance-mty.com\/index.php?rest_route=\/wp\/v2\/posts\/41940\/revisions"}],"predecessor-version":[{"id":41943,"href":"http:\/\/freelance-mty.com\/index.php?rest_route=\/wp\/v2\/posts\/41940\/revisions\/41943"}],"wp:featuredmedia":[{"embeddable":true,"href":"http:\/\/freelance-mty.com\/index.php?rest_route=\/wp\/v2\/media\/41942"}],"wp:attachment":[{"href":"http:\/\/freelance-mty.com\/index.php?rest_route=%2Fwp%2Fv2%2Fmedia&parent=41940"}],"wp:term":[{"taxonomy":"category","embeddable":true,"href":"http:\/\/freelance-mty.com\/index.php?rest_route=%2Fwp%2Fv2%2Fcategories&post=41940"},{"taxonomy":"post_tag","embeddable":true,"href":"http:\/\/freelance-mty.com\/index.php?rest_route=%2Fwp%2Fv2%2Ftags&post=41940"}],"curies":[{"name":"wp","href":"https:\/\/api.w.org\/{rel}","templated":true}]}}