{"id":41961,"date":"2026-04-29T14:55:00","date_gmt":"2026-04-29T20:55:00","guid":{"rendered":"http:\/\/freelance-mty.com\/?p=41961"},"modified":"2026-04-30T02:56:18","modified_gmt":"2026-04-30T08:56:18","slug":"celebra-itzel-castillo-rango-constitucional-de-lactancia-materna","status":"publish","type":"post","link":"http:\/\/freelance-mty.com\/?p=41961","title":{"rendered":"CELEBRA ITZEL CASTILLO RANGO CONSTITUCIONAL DE LACTANCIA MATERNA"},"content":{"rendered":"\n<p><\/p>\n\n\n\n<p>La Diputada de Acci\u00f3n Nacional, Itzel Castillo Almanza celebr\u00f3 la aprobaci\u00f3n de la primera vuelta para subir la lactancia materna a rango constitucional.<\/p>\n\n\n\n<p>Castillo Almanza record\u00f3 que ha sido una lucha de varios a\u00f1os para lograr el objetivo.<\/p>\n\n\n\n<p>\u201cEste tema no es un trabajo de un a\u00f1o, ni de dos, ni de tres, ni de cinco a\u00f1os, ni de esta administraci\u00f3n, es un tema de hace m\u00e1s de diez a\u00f1os de lucha desde que se cre\u00f3 la Ley de Promoci\u00f3n a la Lactancia Materna, estoy hablando del 2015 y en el 2016 constituy\u00f3 este Congreso un primer lactario a nivel nacional\u201d, detall\u00f3 la tambi\u00e9n Presidenta de la actual legislatura.<\/p>\n\n\n\n<p>La Diputada albiazul resalt\u00f3 la importancia de lo que llam\u00f3 \u00b4oro l\u00edquido\u00b4.<\/p>\n\n\n\n<p>\u201cHoy por hoy hay muchas madres trabajadoras y hay muchas madres lactantes que les preocupa mucho el desarrollo integral de sus ni\u00f1os y ni\u00f1as y la lactancia materna es eso, es ese apoyo que les brindan, ese \u00b4oro l\u00edquido\u00b4, es darle todo su derecho a estas madres y a sus hijos\u201d, enfatiz\u00f3.<\/p>\n\n\n\n<p>Reconoci\u00f3 la labor conjunta que hizo con la activista Mariana Villalobos para elevar a rango constitucional la lactancia materna.<\/p>\n\n\n\n<p>El dictamen en cuesti\u00f3n fue aprobado por unanimidad con 38 votos en la sesi\u00f3n ordinaria del Poder Legislativo, \u00e9ste mi\u00e9rcoles.<\/p>\n","protected":false},"excerpt":{"rendered":"<p>La Diputada de Acci\u00f3n Nacional, Itzel Castillo Almanza celebr\u00f3 la aprobaci\u00f3n de la primera vuelta para subir la lactancia materna&#8230;<\/p>\n","protected":false},"author":1,"featured_media":41964,"comment_status":"open","ping_status":"open","sticky":false,"template":"","format":"standard","meta":[],"categories":[8,7],"tags":[],"_links":{"self":[{"href":"http:\/\/freelance-mty.com\/index.php?rest_route=\/wp\/v2\/posts\/41961"}],"collection":[{"href":"http:\/\/freelance-mty.com\/index.php?rest_route=\/wp\/v2\/posts"}],"about":[{"href":"http:\/\/freelance-mty.com\/index.php?rest_route=\/wp\/v2\/types\/post"}],"author":[{"embeddable":true,"href":"http:\/\/freelance-mty.com\/index.php?rest_route=\/wp\/v2\/users\/1"}],"replies":[{"embeddable":true,"href":"http:\/\/freelance-mty.com\/index.php?rest_route=%2Fwp%2Fv2%2Fcomments&post=41961"}],"version-history":[{"count":1,"href":"http:\/\/freelance-mty.com\/index.php?rest_route=\/wp\/v2\/posts\/41961\/revisions"}],"predecessor-version":[{"id":41962,"href":"http:\/\/freelance-mty.com\/index.php?rest_route=\/wp\/v2\/posts\/41961\/revisions\/41962"}],"wp:featuredmedia":[{"embeddable":true,"href":"http:\/\/freelance-mty.com\/index.php?rest_route=\/wp\/v2\/media\/41964"}],"wp:attachment":[{"href":"http:\/\/freelance-mty.com\/index.php?rest_route=%2Fwp%2Fv2%2Fmedia&parent=41961"}],"wp:term":[{"taxonomy":"category","embeddable":true,"href":"http:\/\/freelance-mty.com\/index.php?rest_route=%2Fwp%2Fv2%2Fcategories&post=41961"},{"taxonomy":"post_tag","embeddable":true,"href":"http:\/\/freelance-mty.com\/index.php?rest_route=%2Fwp%2Fv2%2Ftags&post=41961"}],"curies":[{"name":"wp","href":"https:\/\/api.w.org\/{rel}","templated":true}]}}