{"id":42035,"date":"2026-05-01T10:55:00","date_gmt":"2026-05-01T16:55:00","guid":{"rendered":"http:\/\/freelance-mty.com\/?p=42035"},"modified":"2026-05-01T22:56:41","modified_gmt":"2026-05-02T04:56:41","slug":"hace-llamado-alberto-anaya-para-defender-a-mexico-de-agresiones-de-la-derecha-y-amenazas-del-extranjero","status":"publish","type":"post","link":"http:\/\/freelance-mty.com\/?p=42035","title":{"rendered":"Hace llamado Alberto Anaya para defender a M\u00e9xico de agresiones de la derecha y amenazas del extranjero"},"content":{"rendered":"\n<p><\/p>\n\n\n\n<p>Mty. NL (1\/May\/26).- El dirigente del Partido del Trabajo, Alberto Anaya Guti\u00e9rrez hizo un llamado a la unidad nacional y a cerrar filas para defender a M\u00e9xico de las agresiones de la derecha y las amenazas del extranjero.<\/p>\n\n\n\n<p>Tras encabezar la Marcha del D\u00eda Internacional del Trabajo, desde las escalinatas del Palacio de Gobierno de Nuevo Le\u00f3n manifest\u00f3 que el PT estar\u00e1 al frente contra todo tipo de agresi\u00f3n.<\/p>\n\n\n\n<p>\u201cNuestro Partido se mantendr\u00e1 unido en coalici\u00f3n para derrotar las agresiones de la derecha y del extranjero\u201d, asever\u00f3 ante miles de asistentes congregados en la Explanada de los H\u00e9roes de la Gran Plaza.<\/p>\n\n\n\n<p>Dijo que seguir\u00e1n apoyando a la presidenta Claudia Sheinbaum y a la Cuarta Transformaci\u00f3n, porque apenas es el inicio de mejoras que deben darse para el pueblo de M\u00e9xico y de tener gobiernos que trabajen en beneficio de la gente humilde y m\u00e1s necesitada.<\/p>\n\n\n\n<p>Refiri\u00f3 los apoyos econ\u00f3micos para personas adultas mayores, las becas para estudiantes de todos los niveles escolares, los est\u00edmulos para mujeres de 60 a 65 a\u00f1os y para personas con capacidades diferentes.<\/p>\n\n\n\n<p>\u201cEs un gran esfuerzo que significa que alrededor de 40 millones de mexicanos sean beneficiados con esos programas\u201d, puntualiz\u00f3.<\/p>\n\n\n\n<p>Inform\u00f3 que el PT ha estado presente en el conjunto de luchas que se han dado a lo largo del tiempo buscando el beneficio de la clase trabajadora.<\/p>\n\n\n\n<p>Por ello, apunt\u00f3, el PT promovi\u00f3 las iniciativa para dar doce d\u00edas de vacaciones y para la jornada laboral de 40 horas.<\/p>\n\n\n\n<p>Por \u00faltimo, Anaya Guti\u00e9rrez se\u00f1al\u00f3 que se vienen las luchas del 2027 e inst\u00f3 a mantener unidas las fuerzas para renovar el Congreso de la Uni\u00f3n, 17 gubernaturas, incluyendo la de Nuevo Le\u00f3n, as\u00ed como Legislaturas estatales y presidencias municipales.<\/p>\n\n\n\n<p>En el mitin tambi\u00e9n participaron Jaime Cervantes Rivera, dirigente del PT en Nayarit y Pedro Bernal Rodr\u00edguez, activista del Frente Popular \u201cTierra y Libertad\u201d.<\/p>\n","protected":false},"excerpt":{"rendered":"<p>Mty. NL (1\/May\/26).- El dirigente del Partido del Trabajo, Alberto Anaya Guti\u00e9rrez hizo un llamado a la unidad nacional y&#8230;<\/p>\n","protected":false},"author":1,"featured_media":42037,"comment_status":"open","ping_status":"open","sticky":false,"template":"","format":"standard","meta":[],"categories":[8,7],"tags":[],"_links":{"self":[{"href":"http:\/\/freelance-mty.com\/index.php?rest_route=\/wp\/v2\/posts\/42035"}],"collection":[{"href":"http:\/\/freelance-mty.com\/index.php?rest_route=\/wp\/v2\/posts"}],"about":[{"href":"http:\/\/freelance-mty.com\/index.php?rest_route=\/wp\/v2\/types\/post"}],"author":[{"embeddable":true,"href":"http:\/\/freelance-mty.com\/index.php?rest_route=\/wp\/v2\/users\/1"}],"replies":[{"embeddable":true,"href":"http:\/\/freelance-mty.com\/index.php?rest_route=%2Fwp%2Fv2%2Fcomments&post=42035"}],"version-history":[{"count":1,"href":"http:\/\/freelance-mty.com\/index.php?rest_route=\/wp\/v2\/posts\/42035\/revisions"}],"predecessor-version":[{"id":42036,"href":"http:\/\/freelance-mty.com\/index.php?rest_route=\/wp\/v2\/posts\/42035\/revisions\/42036"}],"wp:featuredmedia":[{"embeddable":true,"href":"http:\/\/freelance-mty.com\/index.php?rest_route=\/wp\/v2\/media\/42037"}],"wp:attachment":[{"href":"http:\/\/freelance-mty.com\/index.php?rest_route=%2Fwp%2Fv2%2Fmedia&parent=42035"}],"wp:term":[{"taxonomy":"category","embeddable":true,"href":"http:\/\/freelance-mty.com\/index.php?rest_route=%2Fwp%2Fv2%2Fcategories&post=42035"},{"taxonomy":"post_tag","embeddable":true,"href":"http:\/\/freelance-mty.com\/index.php?rest_route=%2Fwp%2Fv2%2Ftags&post=42035"}],"curies":[{"name":"wp","href":"https:\/\/api.w.org\/{rel}","templated":true}]}}