{"id":486,"date":"2018-01-22T22:03:30","date_gmt":"2018-01-22T22:03:30","guid":{"rendered":"http:\/\/freelance-mty.com\/?p=486"},"modified":"2018-01-23T05:11:21","modified_gmt":"2018-01-23T05:11:21","slug":"inicia-en-la-uanl-ciclo-escolar-enero-junio-2018","status":"publish","type":"post","link":"http:\/\/freelance-mty.com\/?p=486","title":{"rendered":"INICIA EN LA UANL CICLO ESCOLAR ENERO-JUNIO 2018;por Hern\u00e1nLanderos"},"content":{"rendered":"<h3><\/h3>\n<div>\n<p class=\"fecha\">Publicado en: January 22, 2018 a las 12:59 pm<\/p>\n<p>-Regresan a las aulas m\u00e1s de 197 mil estudiantes universitarios<\/p>\n<p>&nbsp;<\/p>\n<p><a href=\"http:\/\/elportaldemonterrey.com\/wp-content\/uploads\/2018\/01\/inicio-ciclo-ene-jun-2018-uanl-2.jpg\" rel=\"attachment wp-att-22198\"><img loading=\"lazy\" class=\"alignleft size-full wp-image-22198\" src=\"http:\/\/elportaldemonterrey.com\/wp-content\/uploads\/2018\/01\/inicio-ciclo-ene-jun-2018-uanl-2.jpg\" alt=\"inicio ciclo ene-jun 2018 uanl (2)\" width=\"249\" height=\"490\" \/><\/a>M\u00e1s de 197 mil estudiantes, 6 mil 900 profesores de bachillerato, licenciatura y posgrado de la Universidad Aut\u00f3noma de Nuevo Le\u00f3n iniciaron actividades este d\u00eda en las 26 preparatorias, tres escuelas t\u00e9cnicas y 26 facultades, as\u00ed como a los 39 centros de investigaci\u00f3n, al arrancar el ciclo escolar enero-junio 2018 con la inauguraci\u00f3n de nuevos espacios acad\u00e9micos de la Facultad de Artes Esc\u00e9nicas.<\/p>\n<p><a href=\"http:\/\/elportaldemonterrey.com\/wp-content\/uploads\/2018\/01\/inicio-ciclo-ene-jun-2018-uanl-4.jpg\" rel=\"attachment wp-att-22200\"><img loading=\"lazy\" class=\"alignright size-full wp-image-22200\" src=\"http:\/\/elportaldemonterrey.com\/wp-content\/uploads\/2018\/01\/inicio-ciclo-ene-jun-2018-uanl-4.jpg\" sizes=\"(max-width: 500px) 100vw, 500px\" srcset=\"http:\/\/elportaldemonterrey.com\/wp-content\/uploads\/2018\/01\/inicio-ciclo-ene-jun-2018-uanl-4-300x232.jpg 300w, http:\/\/elportaldemonterrey.com\/wp-content\/uploads\/2018\/01\/inicio-ciclo-ene-jun-2018-uanl-4.jpg 500w\" alt=\"inicio ciclo ene-jun 2018 uanl (4)\" width=\"500\" height=\"386\" \/><\/a>El Rector de la UANL, Rogelio Garza Rivera puso en operaciones un\u00a0edificio de tres niveles, con aulas de danza, teatro y m\u00fasica; audiovisual y oficinas administrativas en la facultad antes mencionada en el inicio oficial de este nuevo ciclo escolar.<\/p>\n<p>\u201cHoy m\u00e1s de 190 mil alumnos inician una nueva etapa de su vida universitaria. En la\u00a0<a href=\"https:\/\/www.facebook.com\/uanlred\/?fref=mentions\">UANL<\/a>, tanto el personal docente como el administrativo, estamos preparados para recibirlos con toda la energ\u00eda y el entusiasmo de seguir contribuyendo a su formaci\u00f3n integral a trav\u00e9s de una educaci\u00f3n de calidad\u201d, mencion\u00f3 el rector de la Universidad.<\/p>\n<p><a href=\"http:\/\/elportaldemonterrey.com\/wp-content\/uploads\/2018\/01\/inicio-ciclo-ene-jun-2018-uanl-5.jpg\" rel=\"attachment wp-att-22202\"><img loading=\"lazy\" class=\" wp-image-22202 alignleft\" src=\"http:\/\/elportaldemonterrey.com\/wp-content\/uploads\/2018\/01\/inicio-ciclo-ene-jun-2018-uanl-5.jpg\" sizes=\"(max-width: 418px) 100vw, 418px\" srcset=\"http:\/\/elportaldemonterrey.com\/wp-content\/uploads\/2018\/01\/inicio-ciclo-ene-jun-2018-uanl-5-300x184.jpg 300w, http:\/\/elportaldemonterrey.com\/wp-content\/uploads\/2018\/01\/inicio-ciclo-ene-jun-2018-uanl-5.jpg 500w\" alt=\"inicio ciclo ene-jun 2018 uanl (5)\" width=\"418\" height=\"256\" \/><\/a>\u201cLes comparto que este 2018 es un a\u00f1o especial, pues estaremos celebrando los primeros 85 a\u00f1os de la fundaci\u00f3n de la M\u00e1xima Casa de Estudios. Con este motivo, estamos organizando una gran agenda acad\u00e9mica, cultural y deportiva, en la que esperamos contar con la participaci\u00f3n de toda la familia universitaria\u201d, mencion\u00f3.<\/p>\n<p><a href=\"http:\/\/elportaldemonterrey.com\/wp-content\/uploads\/2018\/01\/inicio-ciclo-ene-jun-2018-uanl-3.jpg\" rel=\"attachment wp-att-22205\"><img loading=\"lazy\" class=\" wp-image-22205 alignright\" src=\"http:\/\/elportaldemonterrey.com\/wp-content\/uploads\/2018\/01\/inicio-ciclo-ene-jun-2018-uanl-3.jpg\" sizes=\"(max-width: 415px) 100vw, 415px\" srcset=\"http:\/\/elportaldemonterrey.com\/wp-content\/uploads\/2018\/01\/inicio-ciclo-ene-jun-2018-uanl-3-300x173.jpg 300w, http:\/\/elportaldemonterrey.com\/wp-content\/uploads\/2018\/01\/inicio-ciclo-ene-jun-2018-uanl-3.jpg 500w\" alt=\"inicio ciclo ene-jun 2018 uanl (3)\" width=\"415\" height=\"240\" \/><\/a>\u201cLos invito a sumarse a los festejos para recordar a todos los visionarios que le dieron vida a nuestra Universidad y continuar enriqueciendo su gran legado\u201d, agreg\u00f3.<\/p>\n<p>Un total de 44 programas educativos de la Universidad Aut\u00f3noma de Nuevo Le\u00f3n se encuentran acreditados por agencias internacionales y 106 especialidades, maestr\u00edas y doctorados son reconocidos en el Padr\u00f3n Nacional de Posgrados de Calidad del CONACYT.<\/p>\n<p>Este semestre, la UANL incorpora a su oferta educativa el programa de Maestr\u00eda en Comunicaci\u00f3n Deportiva con orientaciones en Mercadotecnia Deportiva y Periodismo Deportivo<\/p>\n<\/div>\n","protected":false},"excerpt":{"rendered":"<p>Publicado en: January 22, 2018 a las 12:59 pm -Regresan a las aulas m\u00e1s de 197 mil estudiantes universitarios &nbsp;&#8230;<\/p>\n","protected":false},"author":1,"featured_media":488,"comment_status":"open","ping_status":"open","sticky":false,"template":"","format":"standard","meta":[],"categories":[3,8],"tags":[],"_links":{"self":[{"href":"http:\/\/freelance-mty.com\/index.php?rest_route=\/wp\/v2\/posts\/486"}],"collection":[{"href":"http:\/\/freelance-mty.com\/index.php?rest_route=\/wp\/v2\/posts"}],"about":[{"href":"http:\/\/freelance-mty.com\/index.php?rest_route=\/wp\/v2\/types\/post"}],"author":[{"embeddable":true,"href":"http:\/\/freelance-mty.com\/index.php?rest_route=\/wp\/v2\/users\/1"}],"replies":[{"embeddable":true,"href":"http:\/\/freelance-mty.com\/index.php?rest_route=%2Fwp%2Fv2%2Fcomments&post=486"}],"version-history":[{"count":3,"href":"http:\/\/freelance-mty.com\/index.php?rest_route=\/wp\/v2\/posts\/486\/revisions"}],"predecessor-version":[{"id":506,"href":"http:\/\/freelance-mty.com\/index.php?rest_route=\/wp\/v2\/posts\/486\/revisions\/506"}],"wp:featuredmedia":[{"embeddable":true,"href":"http:\/\/freelance-mty.com\/index.php?rest_route=\/wp\/v2\/media\/488"}],"wp:attachment":[{"href":"http:\/\/freelance-mty.com\/index.php?rest_route=%2Fwp%2Fv2%2Fmedia&parent=486"}],"wp:term":[{"taxonomy":"category","embeddable":true,"href":"http:\/\/freelance-mty.com\/index.php?rest_route=%2Fwp%2Fv2%2Fcategories&post=486"},{"taxonomy":"post_tag","embeddable":true,"href":"http:\/\/freelance-mty.com\/index.php?rest_route=%2Fwp%2Fv2%2Ftags&post=486"}],"curies":[{"name":"wp","href":"https:\/\/api.w.org\/{rel}","templated":true}]}}