{"id":5007,"date":"2019-08-13T04:44:53","date_gmt":"2019-08-13T04:44:53","guid":{"rendered":"http:\/\/freelance-mty.com\/?p=5007"},"modified":"2019-08-13T04:44:53","modified_gmt":"2019-08-13T04:44:53","slug":"caen-soldados-de-helicoptero-enredados-en-bandera","status":"publish","type":"post","link":"http:\/\/freelance-mty.com\/?p=5007","title":{"rendered":"Caen soldados de helic\u00f3ptero enredados en bandera"},"content":{"rendered":"\n<p>Colombia.- Dos militares de la Fuerza A\u00e9rea de Colombia fallecieron ayer domingo luego de que cayeran por accidente de un helic\u00f3ptero, en el que sosten\u00edan la bandera de su pa\u00eds.<\/p>\n\n\n\n<p>En un video que se comparti\u00f3 en redes sociales, se puede ver a los miembros identificados como Jes\u00fas Lacides Mosquera y Sebasti\u00e1n Gamboa, colgar de una soga, que proced\u00eda de la aeronave,  y sosteniendo la bandera, cuando de pronto la cuerda se rompe y provoca que los efectivos caigan.<\/p>\n\n\n\n<p>Dicha presentaci\u00f3n formaba parte del desfile Feria de las Flores en Medell\u00edn, Colombia.<\/p>\n\n\n\n<p>\n\nPor su parte la Fuerza A\u00e9rea Colombiana ha expresado sus condolencias a las familias de las v\u00edctimas e informaron que se abrir\u00e1 una carpeta de &nbsp;investigaci\u00f3n para determinar cu\u00e1les fueron las causas.\n\n<\/p>\n","protected":false},"excerpt":{"rendered":"<p>Colombia.- Dos militares de la Fuerza A\u00e9rea de Colombia fallecieron ayer domingo luego de que cayeran por accidente de un&#8230;<\/p>\n","protected":false},"author":1,"featured_media":5008,"comment_status":"open","ping_status":"open","sticky":false,"template":"","format":"standard","meta":[],"categories":[5],"tags":[],"_links":{"self":[{"href":"http:\/\/freelance-mty.com\/index.php?rest_route=\/wp\/v2\/posts\/5007"}],"collection":[{"href":"http:\/\/freelance-mty.com\/index.php?rest_route=\/wp\/v2\/posts"}],"about":[{"href":"http:\/\/freelance-mty.com\/index.php?rest_route=\/wp\/v2\/types\/post"}],"author":[{"embeddable":true,"href":"http:\/\/freelance-mty.com\/index.php?rest_route=\/wp\/v2\/users\/1"}],"replies":[{"embeddable":true,"href":"http:\/\/freelance-mty.com\/index.php?rest_route=%2Fwp%2Fv2%2Fcomments&post=5007"}],"version-history":[{"count":1,"href":"http:\/\/freelance-mty.com\/index.php?rest_route=\/wp\/v2\/posts\/5007\/revisions"}],"predecessor-version":[{"id":5009,"href":"http:\/\/freelance-mty.com\/index.php?rest_route=\/wp\/v2\/posts\/5007\/revisions\/5009"}],"wp:featuredmedia":[{"embeddable":true,"href":"http:\/\/freelance-mty.com\/index.php?rest_route=\/wp\/v2\/media\/5008"}],"wp:attachment":[{"href":"http:\/\/freelance-mty.com\/index.php?rest_route=%2Fwp%2Fv2%2Fmedia&parent=5007"}],"wp:term":[{"taxonomy":"category","embeddable":true,"href":"http:\/\/freelance-mty.com\/index.php?rest_route=%2Fwp%2Fv2%2Fcategories&post=5007"},{"taxonomy":"post_tag","embeddable":true,"href":"http:\/\/freelance-mty.com\/index.php?rest_route=%2Fwp%2Fv2%2Ftags&post=5007"}],"curies":[{"name":"wp","href":"https:\/\/api.w.org\/{rel}","templated":true}]}}