{"id":5276,"date":"2019-10-08T21:36:15","date_gmt":"2019-10-08T21:36:15","guid":{"rendered":"http:\/\/freelance-mty.com\/?p=5276"},"modified":"2019-10-15T21:36:34","modified_gmt":"2019-10-15T21:36:34","slug":"distingue-seccion-21-a-maestros-destacados-en-dia-mundial-del-docente","status":"publish","type":"post","link":"http:\/\/freelance-mty.com\/?p=5276","title":{"rendered":"Distingue Secci\u00f3n 21 a maestros destacados en D\u00eda Mundial del Docente"},"content":{"rendered":"\n<p>En el marco del D\u00eda Mundial del Docente que se conmemora el 5 de octubre, la Secci\u00f3n 21 del Sindicato Nacional de Trabajadores de la Educaci\u00f3n realiz\u00f3 un evento especial para distinguir a cuatro profesores destacados de este gremio educativo e incluir su imagen en su galer\u00eda del educador neoleon\u00e9s, que suma ya m\u00e1s de 300 maestros.<\/p>\n\n\n\n<p>Durante la ceremonia presidida por el secretario general de la Secci\u00f3n 21 de maestros, Guadalupe Adolfo Salinas Garza, se llev\u00f3 a cabo la entrega de reconocimientos al Profr. Gerardo G\u00e1mez Moreno; la Profra. Edith Melgar Mondrag\u00f3n; la Profra. Mar\u00eda de la Luz P\u00e1manes S\u00e1nchez, y la Profra. Rosa Mar\u00eda Gayt\u00e1n S\u00e1nchez.<\/p>\n\n\n\n<p>En su mensaje, el dirigente de la Secci\u00f3n 21 del SNTE, Guadalupe Adolfo Salinas Garza, destac\u00f3 que desde 1994 se instituy\u00f3 a nivel internacional el D\u00eda del Docente, fecha en que inaugur\u00f3 la galer\u00eda del educador neoleon\u00e9s donde se resalta a los profesores que son galardonados por su trayectoria y gran trabajo en favor de la ni\u00f1ez y la ciudadan\u00eda.<\/p>\n\n\n\n<p>\u201cCada a\u00f1o, cada mes de octubre, incorporamos cuatro distinguidos maestros a esta galer\u00eda. Lo hacemos a trav\u00e9s de una convocatoria a todas nuestra estructuras delegacionales\u201d, explic\u00f3.<\/p>\n\n\n\n<p>\u201cLa Secci\u00f3n 21 se compone de 670 delegaciones sindicales y cada delegaci\u00f3n hace su labor en cada una de sus escuelas y se incorporan una serie de proyectos educativos a un jurado que est\u00e1 compuesto por tres distinguidos miembros de comunicadores que determinan de acuerdo a lo que ellos revisan y reconocen de cada trabajador de la educaci\u00f3n\u201d, detall\u00f3.<\/p>\n\n\n\n<p>\u201cNos sentimos muy orgullosos del magisterio de Nuevo Le\u00f3n. Tambi\u00e9n es una forma de incorporar a compa\u00f1eros que se han distinguido desde que iniciaron su carrera, desde que son maestros de base, maestros de banquillo, que le llamamos nosotros, maestros de sal\u00f3n de clase que van escalando\u201d, recalc\u00f3.<\/p>\n\n\n\n<p>En la ceremonia estuvieron presentes representantes el representante del CEN del SNTE en la Secci\u00f3n 21, Jos\u00e9 Mend\u00edvil Zazueta; el presidente del Congreso local, Juan Carlos Ruiz; la diputada Mar\u00eda Dolores Lean Cant\u00fa; as\u00ed como el representante del Gobierno del estado y de la Secretaria de Educaci\u00f3n, Herminio Cortez Bugar\u00edn.<\/p>\n\n\n\n<p>Adem\u00e1s, asistieron representantes de la S\u00e9ptima Zona Militar y de la Uni\u00f3n neoleonesa de padres de familia, entre otras autoridades e invitados especiales.<\/p>\n","protected":false},"excerpt":{"rendered":"<p>En el marco del D\u00eda Mundial del Docente que se conmemora el 5 de octubre, la Secci\u00f3n 21 del Sindicato&#8230;<\/p>\n","protected":false},"author":1,"featured_media":5277,"comment_status":"open","ping_status":"open","sticky":false,"template":"","format":"standard","meta":[],"categories":[3,7],"tags":[],"_links":{"self":[{"href":"http:\/\/freelance-mty.com\/index.php?rest_route=\/wp\/v2\/posts\/5276"}],"collection":[{"href":"http:\/\/freelance-mty.com\/index.php?rest_route=\/wp\/v2\/posts"}],"about":[{"href":"http:\/\/freelance-mty.com\/index.php?rest_route=\/wp\/v2\/types\/post"}],"author":[{"embeddable":true,"href":"http:\/\/freelance-mty.com\/index.php?rest_route=\/wp\/v2\/users\/1"}],"replies":[{"embeddable":true,"href":"http:\/\/freelance-mty.com\/index.php?rest_route=%2Fwp%2Fv2%2Fcomments&post=5276"}],"version-history":[{"count":1,"href":"http:\/\/freelance-mty.com\/index.php?rest_route=\/wp\/v2\/posts\/5276\/revisions"}],"predecessor-version":[{"id":5278,"href":"http:\/\/freelance-mty.com\/index.php?rest_route=\/wp\/v2\/posts\/5276\/revisions\/5278"}],"wp:featuredmedia":[{"embeddable":true,"href":"http:\/\/freelance-mty.com\/index.php?rest_route=\/wp\/v2\/media\/5277"}],"wp:attachment":[{"href":"http:\/\/freelance-mty.com\/index.php?rest_route=%2Fwp%2Fv2%2Fmedia&parent=5276"}],"wp:term":[{"taxonomy":"category","embeddable":true,"href":"http:\/\/freelance-mty.com\/index.php?rest_route=%2Fwp%2Fv2%2Fcategories&post=5276"},{"taxonomy":"post_tag","embeddable":true,"href":"http:\/\/freelance-mty.com\/index.php?rest_route=%2Fwp%2Fv2%2Ftags&post=5276"}],"curies":[{"name":"wp","href":"https:\/\/api.w.org\/{rel}","templated":true}]}}