{"id":5336,"date":"2019-10-23T02:47:02","date_gmt":"2019-10-23T02:47:02","guid":{"rendered":"http:\/\/freelance-mty.com\/?p=5336"},"modified":"2019-10-25T02:47:30","modified_gmt":"2019-10-25T02:47:30","slug":"capacita-apodaca-a-ciudadanos-en-habilidades-y-competencias","status":"publish","type":"post","link":"http:\/\/freelance-mty.com\/?p=5336","title":{"rendered":"Capacita Apodaca a ciudadanos en habilidades y competencias"},"content":{"rendered":"\n<p>Como parte del programa de capacitaci\u00f3n para generen habilidades y competencias laborales, el Municipio de Apodaca realiz\u00f3 el primer concurso de montacargas.<\/p>\n\n\n\n<p>Por instrucciones del Alcalde, C\u00e9sar Garza Villarreal y atendiendo el compromiso de mejorar las condiciones de vida de los ciudadanos, la Secretar\u00eda de Econom\u00eda en coordinaci\u00f3n con el Instituto de Capacitaci\u00f3n para el Trabajo (ICET ) realizaron el concurso de operadores de montacargas.<\/p>\n\n\n\n<p>La Secretaria de Econom\u00eda, Karla Mart\u00ednez Elizondo, inform\u00f3 que las personas que participaron en el concurso fueron capacitados previamente a trav\u00e9s de los cursos que imparte el municipio.<\/p>\n\n\n\n<p>\u201cPor instrucciones del Alcalde C\u00e9sar Garza Villarreal, estamos muy comprometidos con mejorar las condiciones de vida de los ciudadanos, brind\u00e1ndoles todo nuestro apoyo para que puedan integrarse en un empleo.<\/p>\n\n\n\n<p>\u201cEstamos desarrollando las estrategias necesarias para lograr la incorporaci\u00f3n de personas que no tienen un empleo en el mercado laboral con un trabajo digno\u201d, mencion\u00f3.<\/p>\n\n\n\n<p>La Secretaria de Econom\u00eda, invit\u00f3 a todos los ciudadanos a sumarse y&nbsp; aprovechar los programas y beneficios que Apodaca tiene para ellos.<\/p>\n\n\n\n<p>En el concurso en el que participaron 12 operadores, se premi\u00f3 a los tres mejores que fueron calificados por su desempe\u00f1o en la conducci\u00f3n de montacargas.<\/p>\n\n\n\n<p>Los premios fueron entregados por la licenciada Karla Mart\u00ednez Elizondo y el Director General del ICET en el estado, Fernando Iturribaria Garc\u00eda.<\/p>\n\n\n\n<p>Durante el evento se ofertaron diversas vacantes para las empresas Home Depot, Nidec, Worken, entre otras, por lo que los asistentes tuvieron la oportunidad de colocarse en un empleo.&nbsp; &nbsp;<\/p>\n","protected":false},"excerpt":{"rendered":"<p>Como parte del programa de capacitaci\u00f3n para generen habilidades y competencias laborales, el Municipio de Apodaca realiz\u00f3 el primer concurso&#8230;<\/p>\n","protected":false},"author":1,"featured_media":0,"comment_status":"open","ping_status":"open","sticky":false,"template":"","format":"standard","meta":[],"categories":[3],"tags":[],"_links":{"self":[{"href":"http:\/\/freelance-mty.com\/index.php?rest_route=\/wp\/v2\/posts\/5336"}],"collection":[{"href":"http:\/\/freelance-mty.com\/index.php?rest_route=\/wp\/v2\/posts"}],"about":[{"href":"http:\/\/freelance-mty.com\/index.php?rest_route=\/wp\/v2\/types\/post"}],"author":[{"embeddable":true,"href":"http:\/\/freelance-mty.com\/index.php?rest_route=\/wp\/v2\/users\/1"}],"replies":[{"embeddable":true,"href":"http:\/\/freelance-mty.com\/index.php?rest_route=%2Fwp%2Fv2%2Fcomments&post=5336"}],"version-history":[{"count":1,"href":"http:\/\/freelance-mty.com\/index.php?rest_route=\/wp\/v2\/posts\/5336\/revisions"}],"predecessor-version":[{"id":5337,"href":"http:\/\/freelance-mty.com\/index.php?rest_route=\/wp\/v2\/posts\/5336\/revisions\/5337"}],"wp:attachment":[{"href":"http:\/\/freelance-mty.com\/index.php?rest_route=%2Fwp%2Fv2%2Fmedia&parent=5336"}],"wp:term":[{"taxonomy":"category","embeddable":true,"href":"http:\/\/freelance-mty.com\/index.php?rest_route=%2Fwp%2Fv2%2Fcategories&post=5336"},{"taxonomy":"post_tag","embeddable":true,"href":"http:\/\/freelance-mty.com\/index.php?rest_route=%2Fwp%2Fv2%2Ftags&post=5336"}],"curies":[{"name":"wp","href":"https:\/\/api.w.org\/{rel}","templated":true}]}}