{"id":552,"date":"2018-01-27T09:04:42","date_gmt":"2018-01-27T09:04:42","guid":{"rendered":"http:\/\/freelance-mty.com\/?p=552"},"modified":"2018-01-27T10:05:24","modified_gmt":"2018-01-27T10:05:24","slug":"quiero-un-cambio-para-guadalupe-garza-por-hernan-landeros","status":"publish","type":"post","link":"http:\/\/freelance-mty.com\/?p=552","title":{"rendered":"Quiero un cambio para Guadalupe: Garza: Por Hern\u00e1n Landeros."},"content":{"rendered":"<div class=\"field field-name-field-abstract\">\n<p><a href=\"http:\/\/freelance-mty.com\/wp-content\/uploads\/2018\/01\/chern.jpg\"><img loading=\"lazy\" class=\"size-medium wp-image-565 alignright\" src=\"http:\/\/freelance-mty.com\/wp-content\/uploads\/2018\/01\/chern-300x225.jpg\" alt=\"\" width=\"300\" height=\"225\" srcset=\"http:\/\/freelance-mty.com\/wp-content\/uploads\/2018\/01\/chern-300x225.jpg 300w, http:\/\/freelance-mty.com\/wp-content\/uploads\/2018\/01\/chern-768x576.jpg 768w, http:\/\/freelance-mty.com\/wp-content\/uploads\/2018\/01\/chern-1024x768.jpg 1024w, http:\/\/freelance-mty.com\/wp-content\/uploads\/2018\/01\/chern.jpg 1280w\" sizes=\"(max-width: 300px) 100vw, 300px\" \/><\/a>El empresario Jos\u00e9 Luis Garza busca la candidatura del PAN para la alcald\u00eda de Guadalupe<\/p>\n<\/div>\n<div class=\"field field-name-body field-type-text-with-summary field-label-hidden\">\n<div class=\"field-items\">\n<div class=\"view-content\">\n<div><\/div>\n<\/div>\n<div class=\"field-item even\">\n<p><strong>Monterrey.-<\/strong>\u00a0Jos\u00e9 Luis Garza, militante del Partido Acci\u00f3n Nacional, acudi\u00f3 a la sede estatal de la instituci\u00f3n para registrarse como precandidato por la alcald\u00eda de Guadalupe.<\/p>\n<p>\u00abLa gente quiere un cambio fresco, con mejores propuestas y diferentes. Hoy estamos listos, la gente cree en nosotros y creo que vamos a llevarnos la candidatura\u00bb, dijo.<\/p>\n<div class=\"teads-inread teads-display-format\">\n<div class=\"teads-display-absolute\"><\/div>\n<\/div>\n<p>Garza acudi\u00f3 con el respaldo de decenas de militantes del PAN de Guadalupe que con porras y batucada le demostraron su apoyo.<\/p>\n<p>Ser\u00e1 el pr\u00f3ximo 11 de febrero cando se lleve a cabo la elecci\u00f3n interna del PAN en Guadalupe para elegir a su candidato por la alcald\u00eda.<\/p>\n<p>Garza dijo confiar en que la elecci\u00f3n interna se trate de un proceso transparente para designar el candidato.<\/p>\n<p>El resultado final, agreg\u00f3, ser\u00e1 respetado para llegar en unidad de cara a la jornada electoral por la alcald\u00eda de Guadalupe el pr\u00f3ximo 1 de julio.<\/p>\n<\/div>\n<\/div>\n<\/div>\n","protected":false},"excerpt":{"rendered":"<p>El empresario Jos\u00e9 Luis Garza busca la candidatura del PAN para la alcald\u00eda de Guadalupe Monterrey.-\u00a0Jos\u00e9 Luis Garza, militante del&#8230;<\/p>\n","protected":false},"author":1,"featured_media":565,"comment_status":"open","ping_status":"open","sticky":false,"template":"","format":"standard","meta":[],"categories":[3,8],"tags":[],"_links":{"self":[{"href":"http:\/\/freelance-mty.com\/index.php?rest_route=\/wp\/v2\/posts\/552"}],"collection":[{"href":"http:\/\/freelance-mty.com\/index.php?rest_route=\/wp\/v2\/posts"}],"about":[{"href":"http:\/\/freelance-mty.com\/index.php?rest_route=\/wp\/v2\/types\/post"}],"author":[{"embeddable":true,"href":"http:\/\/freelance-mty.com\/index.php?rest_route=\/wp\/v2\/users\/1"}],"replies":[{"embeddable":true,"href":"http:\/\/freelance-mty.com\/index.php?rest_route=%2Fwp%2Fv2%2Fcomments&post=552"}],"version-history":[{"count":5,"href":"http:\/\/freelance-mty.com\/index.php?rest_route=\/wp\/v2\/posts\/552\/revisions"}],"predecessor-version":[{"id":567,"href":"http:\/\/freelance-mty.com\/index.php?rest_route=\/wp\/v2\/posts\/552\/revisions\/567"}],"wp:featuredmedia":[{"embeddable":true,"href":"http:\/\/freelance-mty.com\/index.php?rest_route=\/wp\/v2\/media\/565"}],"wp:attachment":[{"href":"http:\/\/freelance-mty.com\/index.php?rest_route=%2Fwp%2Fv2%2Fmedia&parent=552"}],"wp:term":[{"taxonomy":"category","embeddable":true,"href":"http:\/\/freelance-mty.com\/index.php?rest_route=%2Fwp%2Fv2%2Fcategories&post=552"},{"taxonomy":"post_tag","embeddable":true,"href":"http:\/\/freelance-mty.com\/index.php?rest_route=%2Fwp%2Fv2%2Ftags&post=552"}],"curies":[{"name":"wp","href":"https:\/\/api.w.org\/{rel}","templated":true}]}}