{"id":5688,"date":"2020-01-27T06:49:55","date_gmt":"2020-01-27T06:49:55","guid":{"rendered":"http:\/\/freelance-mty.com\/?p=5688"},"modified":"2020-01-27T06:49:56","modified_gmt":"2020-01-27T06:49:56","slug":"investigacion-es-una-pesadilla-logistica-sheriff-de-la","status":"publish","type":"post","link":"http:\/\/freelance-mty.com\/?p=5688","title":{"rendered":"Investigaci\u00f3n es una &#8216;pesadilla log\u00edstica&#8217;: Sheriff de LA"},"content":{"rendered":"\n<p><em>Estados Unidos\u2014&nbsp;<\/em>En una conferencia de prensa el domingo por la noche, el alguacil del condado de Los \u00c1ngeles, Alex Villanueva, dijo que la investigaci\u00f3n sobre el accidente del helic\u00f3ptero que dej\u00f3 nueve personas muertas puede llevar semanas.<\/p>\n\n\n\n<p>Las agencias federales, incluida la Junta Nacional de Seguridad del Transporte y la Administraci\u00f3n Federal de Aviaci\u00f3n, est\u00e1n ayudando con la investigaci\u00f3n. La FAA ha asegurado una restricci\u00f3n de vuelo de 5 millas y un techo de 5,000 pies en el sitio, dijo Villanueva.<\/p>\n\n\n\n<p>El lugar del accidente tambi\u00e9n est\u00e1 cerca de una comunidad residencial, dijo Villanueva.<\/p>\n\n\n\n<p>\u00abEs una pesadilla log\u00edstica porque el sitio del accidente en s\u00ed no es de f\u00e1cil acceso\u00bb, dijo Villanueva.<\/p>\n\n\n\n<p>La gente ha descendido al lugar del accidente y las \u00e1reas residenciales, lo que se suma a la pesadilla log\u00edstica que describi\u00f3 Villanueva.<\/p>\n\n\n\n<p>\u00abSi no tienes una identificaci\u00f3n que diga que eres un residente local, no tendr\u00e1s acceso al \u00e1rea\u00bb, dijo Villanueva.<\/p>\n\n\n\n<p>El Dr. Jonathan Lucas, forense del condado de Los \u00c1ngeles, dijo que varios miembros del equipo de respuesta de operaciones de la oficina estaban en el lugar del accidente.<\/p>\n\n\n\n<p>Los esfuerzos de recuperaci\u00f3n comenzaron hoy, pero dado el terreno del lugar del accidente, Lucas dijo que podr\u00eda llevar algunos d\u00edas completarlo.<\/p>\n\n\n\n<p>\u00abNuestra siguiente prioridad despu\u00e9s de la recuperaci\u00f3n es la identificaci\u00f3n y notificaci\u00f3n de las familias\u00bb, dijo Lucas.<\/p>\n","protected":false},"excerpt":{"rendered":"<p>Estados Unidos\u2014&nbsp;En una conferencia de prensa el domingo por la noche, el alguacil del condado de Los \u00c1ngeles, Alex Villanueva,&#8230;<\/p>\n","protected":false},"author":1,"featured_media":5689,"comment_status":"open","ping_status":"open","sticky":false,"template":"","format":"standard","meta":[],"categories":[8],"tags":[],"_links":{"self":[{"href":"http:\/\/freelance-mty.com\/index.php?rest_route=\/wp\/v2\/posts\/5688"}],"collection":[{"href":"http:\/\/freelance-mty.com\/index.php?rest_route=\/wp\/v2\/posts"}],"about":[{"href":"http:\/\/freelance-mty.com\/index.php?rest_route=\/wp\/v2\/types\/post"}],"author":[{"embeddable":true,"href":"http:\/\/freelance-mty.com\/index.php?rest_route=\/wp\/v2\/users\/1"}],"replies":[{"embeddable":true,"href":"http:\/\/freelance-mty.com\/index.php?rest_route=%2Fwp%2Fv2%2Fcomments&post=5688"}],"version-history":[{"count":1,"href":"http:\/\/freelance-mty.com\/index.php?rest_route=\/wp\/v2\/posts\/5688\/revisions"}],"predecessor-version":[{"id":5690,"href":"http:\/\/freelance-mty.com\/index.php?rest_route=\/wp\/v2\/posts\/5688\/revisions\/5690"}],"wp:featuredmedia":[{"embeddable":true,"href":"http:\/\/freelance-mty.com\/index.php?rest_route=\/wp\/v2\/media\/5689"}],"wp:attachment":[{"href":"http:\/\/freelance-mty.com\/index.php?rest_route=%2Fwp%2Fv2%2Fmedia&parent=5688"}],"wp:term":[{"taxonomy":"category","embeddable":true,"href":"http:\/\/freelance-mty.com\/index.php?rest_route=%2Fwp%2Fv2%2Fcategories&post=5688"},{"taxonomy":"post_tag","embeddable":true,"href":"http:\/\/freelance-mty.com\/index.php?rest_route=%2Fwp%2Fv2%2Ftags&post=5688"}],"curies":[{"name":"wp","href":"https:\/\/api.w.org\/{rel}","templated":true}]}}