{"id":5725,"date":"2020-02-02T19:51:11","date_gmt":"2020-02-02T19:51:11","guid":{"rendered":"http:\/\/freelance-mty.com\/?p=5725"},"modified":"2020-02-02T19:51:12","modified_gmt":"2020-02-02T19:51:12","slug":"exige-jesus-nava-transparencia-en-viaducto-sobre-rio-santa-catarina","status":"publish","type":"post","link":"http:\/\/freelance-mty.com\/?p=5725","title":{"rendered":"Exige Jes\u00fas Nava transparencia en viaducto sobre R\u00edo Santa Catarina"},"content":{"rendered":"\n<p>Ante el rechazo e inquietudes de vecinos de Santa Catarina sobre la construcci\u00f3n del viaducto sobre el R\u00edo Santa Catarina, el diputado local del PAN Jes\u00fas Nava Rivera inici\u00f3 la recopilaci\u00f3n de firmas de habitantes en ese municipio para que se transparente el proceso y trabajos en dicha obra.<\/p>\n\n\n\n<p>El legislador indic\u00f3 que en los pr\u00f3ximos d\u00edas entregar\u00e1 ante la concesionaria ROADIS para la obra y a autoridades federales, como Semarnat, Cuenca de R\u00edo Bravo, Comisi\u00f3n Nacional del Agua, Secretar\u00eda de Comunicaciones y Transportes el escrito con las firmas de delegados municipales en representaci\u00f3n de los santacatarinenses respecto a cinco puntos acerca del proyecto.<\/p>\n\n\n\n<p>\u201cEl primer punto es si el proyecto cuenta para incorporar el tr\u00e1fico pesado al \u00e1rea metropolitana porque la autopista est\u00e1 a Antonio L. Rodriguez y luego Gonzalitos por puede afectar por un cuello de botella.<\/p>\n\n\n\n<p>\u201cEn dado caso que sea afirmativo, se revise la infraestructura eficiente en cuanto a las curvas d\u00f3nde se va a conectar la construcci\u00f3n y si est\u00e1n preparadas para situaciones de riesgo\u201d, se\u00f1al\u00f3.<\/p>\n\n\n\n<p>Est\u00e1 obra afectar\u00e1 a cerca de 20 mil familias que viven un pol\u00edgono hasta la vialidad de Antonio L. Rodr\u00edguez, por lo que el oficio con las firmas tambi\u00e9n pide informaci\u00f3n acerca del impacto ambiental sobre el R\u00edo Santa Catarina, la movilidad hacia el \u00e1rea metropolitana y la seguridad de automovilistas.<\/p>\n\n\n\n<p>\u201cSi consideraron el impacto que tendr\u00e1 en el R\u00edo Santa Catarina,. El impacto admira y fauna, osea canalizar el agua en casos de tormenta y sino se reduce la capacidad del r\u00edo.<\/p>\n\n\n\n<p>\u201cY todo el impacto en materia de movilidad que se causar\u00e1, y pedimos transparencia en el proceso\u201d expres\u00f3 el diputado.<\/p>\n\n\n\n<p>Nava Rivera cuestion\u00f3 si la obra realmente garantizar\u00e1 seguridad f\u00edsica a los ciudadanos, sino tambi\u00e9n en el aspecto vial.<\/p>\n\n\n\n<p>\u201cNos vamos a ver afectados todos los vecinos de Santa Catarina, porque va de tres carriles a uno, y es un tema tambi\u00e9n de integridad f\u00edsica, pero tambi\u00e9n de movilidad.<\/p>\n\n\n\n<p>\u201cLo que quiere la concesionaria es volverse m\u00e1s atractiva para incorporar el tr\u00e1fico pesado tambi\u00e9n, pero a qu\u00e9 costo se va a incorporar esta autopista al \u00e1rea metropolitana\u201d , manifest\u00f3.<\/p>\n","protected":false},"excerpt":{"rendered":"<p>Ante el rechazo e inquietudes de vecinos de Santa Catarina sobre la construcci\u00f3n del viaducto sobre el R\u00edo Santa Catarina,&#8230;<\/p>\n","protected":false},"author":1,"featured_media":5726,"comment_status":"open","ping_status":"open","sticky":false,"template":"","format":"standard","meta":[],"categories":[6,8],"tags":[],"_links":{"self":[{"href":"http:\/\/freelance-mty.com\/index.php?rest_route=\/wp\/v2\/posts\/5725"}],"collection":[{"href":"http:\/\/freelance-mty.com\/index.php?rest_route=\/wp\/v2\/posts"}],"about":[{"href":"http:\/\/freelance-mty.com\/index.php?rest_route=\/wp\/v2\/types\/post"}],"author":[{"embeddable":true,"href":"http:\/\/freelance-mty.com\/index.php?rest_route=\/wp\/v2\/users\/1"}],"replies":[{"embeddable":true,"href":"http:\/\/freelance-mty.com\/index.php?rest_route=%2Fwp%2Fv2%2Fcomments&post=5725"}],"version-history":[{"count":1,"href":"http:\/\/freelance-mty.com\/index.php?rest_route=\/wp\/v2\/posts\/5725\/revisions"}],"predecessor-version":[{"id":5727,"href":"http:\/\/freelance-mty.com\/index.php?rest_route=\/wp\/v2\/posts\/5725\/revisions\/5727"}],"wp:featuredmedia":[{"embeddable":true,"href":"http:\/\/freelance-mty.com\/index.php?rest_route=\/wp\/v2\/media\/5726"}],"wp:attachment":[{"href":"http:\/\/freelance-mty.com\/index.php?rest_route=%2Fwp%2Fv2%2Fmedia&parent=5725"}],"wp:term":[{"taxonomy":"category","embeddable":true,"href":"http:\/\/freelance-mty.com\/index.php?rest_route=%2Fwp%2Fv2%2Fcategories&post=5725"},{"taxonomy":"post_tag","embeddable":true,"href":"http:\/\/freelance-mty.com\/index.php?rest_route=%2Fwp%2Fv2%2Ftags&post=5725"}],"curies":[{"name":"wp","href":"https:\/\/api.w.org\/{rel}","templated":true}]}}