{"id":5898,"date":"2020-02-24T06:37:12","date_gmt":"2020-02-24T06:37:12","guid":{"rendered":"http:\/\/freelance-mty.com\/?p=5898"},"modified":"2020-03-03T04:07:41","modified_gmt":"2020-03-03T04:07:41","slug":"presentan-exposicion-de-artista-peruano-hernan-sosa","status":"publish","type":"post","link":"http:\/\/freelance-mty.com\/?p=5898","title":{"rendered":"Presentan Exposici\u00f3n de Artista Peruano: Hern\u00e1n Sosa"},"content":{"rendered":"\n<p>Inaugurar\u00e1n muestra de arte pl\u00e1stico \u201cCola de Ballena\u201d en el Museo Metropolitano de Monterrey<\/p>\n\n\n\n<p>Con la finalidad de promover la producci\u00f3n art\u00edstica nacional e internacional en el Museo Metropolitano de Monterrey, el Gobierno de Monterrey ofrece a la ciudadan\u00eda la exposici\u00f3n: \u201cCola de Ballena\u201d, del artista peruano Hern\u00e1n Sosa.<\/p>\n\n\n\n<p>Esta muestra, que estar\u00e1 expuesta de febrero a mayo en la Sala Hidalgo; consta de 21 obras de mediano y gran formato que el artista comenz\u00f3 a realizar desde hace 12 a\u00f1os, plasmando sobre el lienzo una historia con ilustraciones marcadas por los tonos azules y marrones.<\/p>\n\n\n\n<p>Durante el recorrido previo a los medios de comunicaci\u00f3n, el autor, Hern\u00e1n Sosa, agradeci\u00f3 al alcalde Adri\u00e1n de la Garza Santos por recibir su obra, al mencionar que es la primera vez que se presenta en la ciudad y en M\u00e9xico y espera que sea la primera de muchas, pues ya ha expuesto en Estados Unidos y Am\u00e9rica Latina.<\/p>\n\n\n\n<pre class=\"wp-block-code\"><code>    Por su parte, el Secretario de Desarrollo Social, Rafael Ramos de la Garza, agradeci\u00f3 al artista por la confianza.\n\n      \u201cEstamos muy contentos por la calidad art\u00edstica y el nivel que se ha logrado durante todos estos a\u00f1os, y bueno esta es la segunda exposici\u00f3n de este a\u00f1o, y muy contentos porque el Museo Metropolitano de Monterrey, hoy por hoy, se consolida como un referente cultural de la zona Norte del pa\u00eds, como una plataforma de promoci\u00f3n constante y de acceso libre a la sociedad, no s\u00f3lo de la ciudad sino tambi\u00e9n del turismo\u201d, dijo el funcionario municipal. \n\n       \u201cEsperamos que cada vez m\u00e1s gente asista al museo y acuda con mayor periodicidad a disfrutar de cada una de las exposiciones que se presentan de forma gratuita y que disfruten de estas obras art\u00edsticas\u201d, agreg\u00f3.\n\n          Cabe se\u00f1alar que el artista peruano ha participado en exposiciones colectivas en Galer\u00edas de Estados Unidos, se le considera como un destacado estudiante de la Escuela de Bellas Artes al colocarse como un creador que despierta la vitalidad de la acuarela, plasmando su infancia, y dando color a una historia de su imaginaci\u00f3n. \n\n         \u201cNaci\u00f3 en uno de sus viajes por una isla donde abundan las ballenas y que con el pasar el tiempo logra esta colecci\u00f3n\u201d, se explic\u00f3 en la presentaci\u00f3n.\n\n       Para finalizar, el Director de Cultura municipal, Luis Nev\u00e1rez, expres\u00f3 que es una instrucci\u00f3n del actual gobierno de Monterrey, mantener un nivel de calidad art\u00edstica en el Museo Metropolitano, que ya se le considera como un edificio emblem\u00e1tico, s\u00edmbolo de la cultura regiomontana, y testigo del trascurrir hist\u00f3rico de la ciudad por m\u00e1s de 200 a\u00f1os.<\/code><\/pre>\n","protected":false},"excerpt":{"rendered":"<p>Inaugurar\u00e1n muestra de arte pl\u00e1stico \u201cCola de Ballena\u201d en el Museo Metropolitano de Monterrey Con la finalidad de promover la&#8230;<\/p>\n","protected":false},"author":1,"featured_media":5899,"comment_status":"open","ping_status":"open","sticky":false,"template":"","format":"standard","meta":[],"categories":[8],"tags":[],"_links":{"self":[{"href":"http:\/\/freelance-mty.com\/index.php?rest_route=\/wp\/v2\/posts\/5898"}],"collection":[{"href":"http:\/\/freelance-mty.com\/index.php?rest_route=\/wp\/v2\/posts"}],"about":[{"href":"http:\/\/freelance-mty.com\/index.php?rest_route=\/wp\/v2\/types\/post"}],"author":[{"embeddable":true,"href":"http:\/\/freelance-mty.com\/index.php?rest_route=\/wp\/v2\/users\/1"}],"replies":[{"embeddable":true,"href":"http:\/\/freelance-mty.com\/index.php?rest_route=%2Fwp%2Fv2%2Fcomments&post=5898"}],"version-history":[{"count":1,"href":"http:\/\/freelance-mty.com\/index.php?rest_route=\/wp\/v2\/posts\/5898\/revisions"}],"predecessor-version":[{"id":5900,"href":"http:\/\/freelance-mty.com\/index.php?rest_route=\/wp\/v2\/posts\/5898\/revisions\/5900"}],"wp:featuredmedia":[{"embeddable":true,"href":"http:\/\/freelance-mty.com\/index.php?rest_route=\/wp\/v2\/media\/5899"}],"wp:attachment":[{"href":"http:\/\/freelance-mty.com\/index.php?rest_route=%2Fwp%2Fv2%2Fmedia&parent=5898"}],"wp:term":[{"taxonomy":"category","embeddable":true,"href":"http:\/\/freelance-mty.com\/index.php?rest_route=%2Fwp%2Fv2%2Fcategories&post=5898"},{"taxonomy":"post_tag","embeddable":true,"href":"http:\/\/freelance-mty.com\/index.php?rest_route=%2Fwp%2Fv2%2Ftags&post=5898"}],"curies":[{"name":"wp","href":"https:\/\/api.w.org\/{rel}","templated":true}]}}