{"id":5901,"date":"2020-02-25T06:46:22","date_gmt":"2020-02-25T06:46:22","guid":{"rendered":"http:\/\/freelance-mty.com\/?p=5901"},"modified":"2020-03-03T04:05:30","modified_gmt":"2020-03-03T04:05:30","slug":"miercoles-26-de-febrero-de-2020-fomenta-santa-catarina-union-familiar-con-taller-escuela-para-padres","status":"publish","type":"post","link":"http:\/\/freelance-mty.com\/?p=5901","title":{"rendered":"MI\u00c9RCOLES 26 DE FEBRERO DE 2020 FOMENTA SANTA CATARINA UNI\u00d3N FAMILIAR CON TALLER \u201cESCUELA PARA PADRES\u201d"},"content":{"rendered":"\n<p>Para promover la uni\u00f3n de las familias con m\u00e1s valores, el Gobierno de Santa Catarina a trav\u00e9s del DIF Municipal  impuls\u00f3 el taller \u201cEscuela para Padres\u201d en la Primaria \u201cEduardo Aguirre Peque\u00f1o\u201d de la colonia Puerta Mitras, donde los participantes recibieron orientaci\u00f3n para replicar el respeto, la armon\u00eda y la sana convivencia con sus hijos. <br>\n\u201cLo que vemos aqu\u00ed es que la escuela instruye, pero la familia es la que educa, buscamos a trav\u00e9s de estos talleres seguir trabajando con la comunidad, ya sea en planteles escolares o en otros lugares, donde lo que buscamos tambi\u00e9n es un tema de seguridad\u201d, destac\u00f3  el Alcalde H\u00e9ctor Castillo Olivares.<br>\nEl Presidente Municipal acompa\u00f1ado de su esposa y Presidenta del DIF, Laura Vanegas de Castillo, y el Director de esta instituci\u00f3n, David Rodr\u00edguez Castill\u00f3n, inform\u00f3 que se graduaron 22 madres y padres de familia, con los que suman m\u00e1s de mil graduados durante los \u00faltimos cuatro a\u00f1os.<br>\nFue en la Escuela Primaria \u201cEduardo Aguirre Peque\u00f1o\u201d a cargo de la Directora Karen Gurrola Reina en la colonia Puerta Mitras, donde fue realizada la 30\u00aa Graduaci\u00f3n \u201cEscuela Para Padres\u201d que se efect\u00faa durante la actual y anterior Administraci\u00f3n de Santa Catarina encabezada por el Alcalde H\u00e9ctor Castillo.<br>\nLos padres de familia egresados fueron capacitados en  temas como \u201cPaternidad y Maternidad Responsable\u201d, \u201cMotivaci\u00f3n y Orientaci\u00f3n ante las Conductas Inadecuadas de los Hijos\u201d, \u201cCiclo de Vida de la Familia\u201d, \u201cPrevenci\u00f3n de Violencia Familiar\u201d, \u201cDa\u00f1os F\u00edsicos y Psicol\u00f3gicos del Uso de la Tecnolog\u00eda\u201d, \u201cManejo de Emociones\u201d, entre otros.<br>\n\u201cVemos como desde una cuesti\u00f3n como el manejo de las emociones, c\u00f3mo es el rol de la familia, c\u00f3mo es la paternidad y la maternidad responsable, estas son situaciones que a veces en la familia no sabemos manejar, porque no vemos como familia, como pareja, nunca vemos indicadores de qu\u00e9 estamos haciendo, cu\u00e1nto tiempo convivimos, c\u00f3mo estamos en los roles de pap\u00e1 y mam\u00e1\u201d, puntualiz\u00f3 el Alcalde.<br>\nEl Mun\u00edcipe destac\u00f3 que los padres de familia tambi\u00e9n recibieron orientaci\u00f3n para evitar el ruido en sus casas, contribuir al ahorro del agua, fomentar la cultura vial, as\u00ed como no tirar basura en las \u00e1reas p\u00fablicas.  <br>\n\u201cSon situaciones que ahondamos en Escuela para Padres, porque todo parte de la familia, donde se educa al ser humano\u201d, expres\u00f3 Castillo Olivares.<\/p>\n","protected":false},"excerpt":{"rendered":"<p>Para promover la uni\u00f3n de las familias con m\u00e1s valores, el Gobierno de Santa Catarina a trav\u00e9s del DIF Municipal&#8230;<\/p>\n","protected":false},"author":1,"featured_media":5902,"comment_status":"open","ping_status":"open","sticky":false,"template":"","format":"standard","meta":[],"categories":[8],"tags":[],"_links":{"self":[{"href":"http:\/\/freelance-mty.com\/index.php?rest_route=\/wp\/v2\/posts\/5901"}],"collection":[{"href":"http:\/\/freelance-mty.com\/index.php?rest_route=\/wp\/v2\/posts"}],"about":[{"href":"http:\/\/freelance-mty.com\/index.php?rest_route=\/wp\/v2\/types\/post"}],"author":[{"embeddable":true,"href":"http:\/\/freelance-mty.com\/index.php?rest_route=\/wp\/v2\/users\/1"}],"replies":[{"embeddable":true,"href":"http:\/\/freelance-mty.com\/index.php?rest_route=%2Fwp%2Fv2%2Fcomments&post=5901"}],"version-history":[{"count":1,"href":"http:\/\/freelance-mty.com\/index.php?rest_route=\/wp\/v2\/posts\/5901\/revisions"}],"predecessor-version":[{"id":5903,"href":"http:\/\/freelance-mty.com\/index.php?rest_route=\/wp\/v2\/posts\/5901\/revisions\/5903"}],"wp:featuredmedia":[{"embeddable":true,"href":"http:\/\/freelance-mty.com\/index.php?rest_route=\/wp\/v2\/media\/5902"}],"wp:attachment":[{"href":"http:\/\/freelance-mty.com\/index.php?rest_route=%2Fwp%2Fv2%2Fmedia&parent=5901"}],"wp:term":[{"taxonomy":"category","embeddable":true,"href":"http:\/\/freelance-mty.com\/index.php?rest_route=%2Fwp%2Fv2%2Fcategories&post=5901"},{"taxonomy":"post_tag","embeddable":true,"href":"http:\/\/freelance-mty.com\/index.php?rest_route=%2Fwp%2Fv2%2Ftags&post=5901"}],"curies":[{"name":"wp","href":"https:\/\/api.w.org\/{rel}","templated":true}]}}