{"id":5904,"date":"2020-02-27T07:06:51","date_gmt":"2020-02-27T07:06:51","guid":{"rendered":"http:\/\/freelance-mty.com\/?p=5904"},"modified":"2020-02-27T07:06:52","modified_gmt":"2020-02-27T07:06:52","slug":"apoya-cristina-diaz-con-cambio-de-look-a-mujeres-que-buscan-empleo","status":"publish","type":"post","link":"http:\/\/freelance-mty.com\/?p=5904","title":{"rendered":"Apoya Cristina D\u00edaz con cambio de look a mujeres que buscan empleo"},"content":{"rendered":"\n<p>En apoyo a las mujeres de Guadalupe, la administraci\u00f3n de la alcaldesa Cristina D\u00edaz Salazar realiz\u00f3 una Brigada de Empleo e Imagen Personal, en donde se ofertaron m\u00e1s de 150 vacantes.<\/p>\n\n\n\n<p>A trav\u00e9s de Instituto Municipal de la Mujer y de la Direcci\u00f3n de Empleo, se brind\u00f3 un cambio de look y vestimenta a un grupo de mujeres para que tuvieran \u00e9xito en las entrevistas y pudieran conseguir un empleo formal.<\/p>\n\n\n\n<p>Las asistentes primero acudieron a los m\u00f3dulos de las empresas participantes y al pactar una entrevista de trabajo se les otorgaron vales para un planchado de cabello, maquillaje, esmaltado de u\u00f1as y un kit de ropa.<\/p>\n\n\n\n<p>\u201cEl impulso que le damos a las mujeres de Guadalupe, es integral, es apoyarlas en todo lo posible, porque con ello apoyamos la econom\u00eda de sus familias\u201d, expres\u00f3 D\u00edaz Salazar.<\/p>\n\n\n\n<p>Maestras y alumnas de Instituto fueron las encargadas de aplicar corte de cabello, maquillaje y manicure, as\u00ed como proporcionar la ropa adecuada en base al tipo de trabajo que buscan cada una de las beneficiadas.<\/p>\n\n\n\n<p>En la Brigada, que se llev\u00f3 a cabo en el Fraccionamiento Cerro de la Silla, se imparti\u00f3 una pl\u00e1tica abordando los temas de autoestima, superaci\u00f3n personal, aspectos de elaboraci\u00f3n del curr\u00edculum vitae, entre otros.<\/p>\n\n\n\n<p>\u201cInfluye mucho en la confianza de la mujer, el c\u00f3mo nos sentimos en apariencia,&nbsp; traer la ropa y el peinado adecuado, nos ayuda para reafirmar la confianza en nosotras\u201d, consider\u00f3.<\/p>\n\n\n\n<p>La Alcaldesa estuvo acompa\u00f1ada por Carmina Guti\u00e9rrez, Directora del Instituto Municipal de la Mujer y Juany Ruiz, Directora del Empleo.<\/p>\n\n\n\n<figure class=\"wp-block-image\"><a href=\"http:\/\/revistasentidosconvalores.com\/2020\/02\/26\/apoya-cristina-diaz-con-cambio-de-look-a-mujeres-que-buscan-empleo\/img-4-16-2\/\"><img src=\"http:\/\/revistasentidosconvalores.com\/wp-content\/uploads\/2020\/02\/IMG-4-16-800x445.jpeg\" alt=\"\"\/><\/a><\/figure>\n","protected":false},"excerpt":{"rendered":"<p>En apoyo a las mujeres de Guadalupe, la administraci\u00f3n de la alcaldesa Cristina D\u00edaz Salazar realiz\u00f3 una Brigada de Empleo&#8230;<\/p>\n","protected":false},"author":1,"featured_media":5905,"comment_status":"open","ping_status":"open","sticky":false,"template":"","format":"standard","meta":[],"categories":[8],"tags":[],"_links":{"self":[{"href":"http:\/\/freelance-mty.com\/index.php?rest_route=\/wp\/v2\/posts\/5904"}],"collection":[{"href":"http:\/\/freelance-mty.com\/index.php?rest_route=\/wp\/v2\/posts"}],"about":[{"href":"http:\/\/freelance-mty.com\/index.php?rest_route=\/wp\/v2\/types\/post"}],"author":[{"embeddable":true,"href":"http:\/\/freelance-mty.com\/index.php?rest_route=\/wp\/v2\/users\/1"}],"replies":[{"embeddable":true,"href":"http:\/\/freelance-mty.com\/index.php?rest_route=%2Fwp%2Fv2%2Fcomments&post=5904"}],"version-history":[{"count":1,"href":"http:\/\/freelance-mty.com\/index.php?rest_route=\/wp\/v2\/posts\/5904\/revisions"}],"predecessor-version":[{"id":5906,"href":"http:\/\/freelance-mty.com\/index.php?rest_route=\/wp\/v2\/posts\/5904\/revisions\/5906"}],"wp:featuredmedia":[{"embeddable":true,"href":"http:\/\/freelance-mty.com\/index.php?rest_route=\/wp\/v2\/media\/5905"}],"wp:attachment":[{"href":"http:\/\/freelance-mty.com\/index.php?rest_route=%2Fwp%2Fv2%2Fmedia&parent=5904"}],"wp:term":[{"taxonomy":"category","embeddable":true,"href":"http:\/\/freelance-mty.com\/index.php?rest_route=%2Fwp%2Fv2%2Fcategories&post=5904"},{"taxonomy":"post_tag","embeddable":true,"href":"http:\/\/freelance-mty.com\/index.php?rest_route=%2Fwp%2Fv2%2Ftags&post=5904"}],"curies":[{"name":"wp","href":"https:\/\/api.w.org\/{rel}","templated":true}]}}