{"id":6333,"date":"2020-04-21T23:48:51","date_gmt":"2020-04-21T23:48:51","guid":{"rendered":"http:\/\/freelance-mty.com\/?p=6333"},"modified":"2020-04-21T23:48:51","modified_gmt":"2020-04-21T23:48:51","slug":"concluira-ciclo-escolar-2019-20-el-17-de-julio","status":"publish","type":"post","link":"http:\/\/freelance-mty.com\/?p=6333","title":{"rendered":"Concluir\u00e1 ciclo escolar 2019-20 el 17 de julio"},"content":{"rendered":"\n<p><em>Ciudad de M\u00e9xico\u2014&nbsp;<\/em>El secretario de Educaci\u00f3n P\u00fablica, Esteban Moctezuma, anunci\u00f3 que, ante la pandemia de Covid-19, el regreso a clases se tiene previsto para el 1 de junio y que el fin del ciclo escolar se aplazar\u00e1 hasta el 17 de julio.<\/p>\n\n\n\n<p>\u00abEl 1 de junio todo el pa\u00eds regresar\u00e1 a clases, como lo ha se\u00f1alado el se\u00f1or presidente &nbsp;y ya desde el 17 de mayo se har\u00e1 en los municipios definidos como libres de riesgo, como acaba de se\u00f1alar el doctor L\u00f3pez-Gatell (subsecretario de Salud). Lo primero es la salud, lo primero es la vida, lo primero es seguir todos juntos para que nadie falte cuando volvamos a abrazarnos\u00bb, expres\u00f3.<\/p>\n\n\n\n<p>\u00abTambi\u00e9n rescataremos el ciclo escolar aplazando el calendario escolar para concluir el ciclo el 17 de julio. Agradezco la excelente disposici\u00f3n de maestras maestros y dirigencias sindicales de autoridades educativas locales para asumir juntos este esfuerzo\u00bb.<\/p>\n\n\n\n<p>En la conferencia de prensa ma\u00f1anera en Palacio Nacional, el funcionario federal felicit\u00f3 a las educadoras y educadores de preescolar que celebran hoy su d\u00eda, y destac\u00f3 el compromiso de todo el magisterio que no abandonaron a sus alumnos, se mantuvieron en comunicaci\u00f3n o bien adelantaron tareas y trabajos para quienes dejaron de acudir a las aulas a partir del 23 de marzo.<\/p>\n\n\n\n<p>\u00abHoy la sociedad mexicana ha revalorado al magisterio, porque al tratar de apoyarlos en su casa las madres y padres de familia se preguntan: c\u00f3mo pueden, c\u00f3mo le hacen para guiar a nuestras hijas e hijos y que se concentra en el aprendizaje todos los d\u00edas\u00bb, asever\u00f3.<\/p>\n\n\n\n<p>\u00abHan descubierto que las maestras y maestros son insustituibles\u00bb.<\/p>\n\n\n\n<p>Moctezuma tambi\u00e9n abord\u00f3 el tema de las clases en l\u00ednea y asegur\u00f3 que el programa funciona.<\/p>\n\n\n\n<p>\u00abLa inmensa mayor\u00eda de nuestros alumnos, nueve de cada 10, tienen televisi\u00f3n. Ah\u00ed estamos &#8216;Aprendiendo a Aprender&#8217; y la equidad, como es la norma de la Cuarta Transformaci\u00f3n nos permite utilizar esta herramienta por su amplia cobertura\u00bb, dijo.<\/p>\n\n\n\n<p>\u00abDesde ayer se est\u00e1n transmitiendo programas en Canal 11, TV Educativa y TV UNAM y televisoras educativas de los estados basados en los aprendizajes esperados de los libros de texto y de los planes y programas\u00bb.<\/p>\n\n\n\n<p>Al final de cada programa, detall\u00f3 el Secretario, cinco preguntas se hacen a los estudiantes que van a incluir en su carpeta de experiencias, la cual entregar\u00e1n a sus maestras o maestros al regreso a la escuela.<\/p>\n","protected":false},"excerpt":{"rendered":"<p>Ciudad de M\u00e9xico\u2014&nbsp;El secretario de Educaci\u00f3n P\u00fablica, Esteban Moctezuma, anunci\u00f3 que, ante la pandemia de Covid-19, el regreso a clases&#8230;<\/p>\n","protected":false},"author":1,"featured_media":6334,"comment_status":"open","ping_status":"open","sticky":false,"template":"","format":"standard","meta":[],"categories":[7],"tags":[],"_links":{"self":[{"href":"http:\/\/freelance-mty.com\/index.php?rest_route=\/wp\/v2\/posts\/6333"}],"collection":[{"href":"http:\/\/freelance-mty.com\/index.php?rest_route=\/wp\/v2\/posts"}],"about":[{"href":"http:\/\/freelance-mty.com\/index.php?rest_route=\/wp\/v2\/types\/post"}],"author":[{"embeddable":true,"href":"http:\/\/freelance-mty.com\/index.php?rest_route=\/wp\/v2\/users\/1"}],"replies":[{"embeddable":true,"href":"http:\/\/freelance-mty.com\/index.php?rest_route=%2Fwp%2Fv2%2Fcomments&post=6333"}],"version-history":[{"count":1,"href":"http:\/\/freelance-mty.com\/index.php?rest_route=\/wp\/v2\/posts\/6333\/revisions"}],"predecessor-version":[{"id":6335,"href":"http:\/\/freelance-mty.com\/index.php?rest_route=\/wp\/v2\/posts\/6333\/revisions\/6335"}],"wp:featuredmedia":[{"embeddable":true,"href":"http:\/\/freelance-mty.com\/index.php?rest_route=\/wp\/v2\/media\/6334"}],"wp:attachment":[{"href":"http:\/\/freelance-mty.com\/index.php?rest_route=%2Fwp%2Fv2%2Fmedia&parent=6333"}],"wp:term":[{"taxonomy":"category","embeddable":true,"href":"http:\/\/freelance-mty.com\/index.php?rest_route=%2Fwp%2Fv2%2Fcategories&post=6333"},{"taxonomy":"post_tag","embeddable":true,"href":"http:\/\/freelance-mty.com\/index.php?rest_route=%2Fwp%2Fv2%2Ftags&post=6333"}],"curies":[{"name":"wp","href":"https:\/\/api.w.org\/{rel}","templated":true}]}}