{"id":6815,"date":"2020-06-16T08:38:26","date_gmt":"2020-06-16T08:38:26","guid":{"rendered":"http:\/\/freelance-mty.com\/?p=6815"},"modified":"2020-06-16T08:43:29","modified_gmt":"2020-06-16T08:43:29","slug":"unen-esfuerzos-para-erradicar-maltrato-a-los-adultos-mayores","status":"publish","type":"post","link":"http:\/\/freelance-mty.com\/?p=6815","title":{"rendered":"UNEN ESFUERZOS PARA ERRADICAR MALTRATO A LOS ADULTOS MAYORES"},"content":{"rendered":"\n<p>UNEN ESFUERZOS PARA ERRADICAR MALTRATO A LOS ADULTOS MAYORES<\/p>\n\n\n\n<p>En el Marco de la celebraci\u00f3n del D\u00eda de la Toma de Conciencia Contra el Maltrato al Adulto Mayor, la Diputada de Acci\u00f3n Nacional, Itzel Castillo Almanza encabez\u00f3 una conferencia virtual con autoridades y especialistas en el tema.<\/p>\n\n\n\n<p>En la reuni\u00f3n virtual estuvieron, aparte de la legisladora, Tere Villarreal de Dillon, Presidenta del Consejo T\u00e9cnico de las Personas Adultas Mayores; Ram\u00f3n de la Pe\u00f1a Manrique, Director del Instituto Estatal de las Personas Adultas Mayores; Fernando Ancira, impulsor de la celebraci\u00f3n; Ra\u00fal Guti\u00e9rrez Herrera, Director del Departamento de Medicina Familiar del Hospital Universitario y Mar\u00eda del Refugio \u00c1vila, Representante del Consejo Ciudadano.<\/p>\n\n\n\n<p>Durante la reuni\u00f3n se dieron a conocer cifras sobre el maltrato al adulto mayor tales como que el 43% de los adultos mayores consideran que son una carga para su familia, el 11% fueron v\u00edctima de delito, el 29 9% sufri\u00f3 fraude bancario, el<br>26% fue v\u00edctima de robo en calle y el 16% de robo en transporte p\u00fablico.<\/p>\n\n\n\n<p>Asimismo, se inform\u00f3 que del total de 3 mil, 189 que est\u00e1n en asilos 89 se han contagiado de Covid 19, lo que equivale un 3 % aproximadamente. De acuerdo a la Secretaria de Salud son 14 los adultos mayores fallecidos.<\/p>\n\n\n\n<p>La Diputada Itzel Castillo asegur\u00f3 que desde el 2015 las diversas instancias se han coordinado para apoyar a erradicar la violencia hacia los adultos mayores.<\/p>\n\n\n\n<p>\u00abEn el caso del Congreso hemos estado trabajando con la elaboraci\u00f3n leyes que protejan a nuestros adultos mayores y recientemente presentamos una iniciativa para castigar a los familiares de una persona mayor que lo internen en alg\u00fan asilo que no cumpla con las medidas de salud y seguridad apropiadas\u00bb, afirm\u00f3 Castillo Almanza.<\/p>\n\n\n\n<p>Por su parte, Ram\u00f3n de la Pe\u00f1a inform\u00f3 que lograron con las autoridades estatales y municipales un convenio para que cada d\u00eda 15 del mes se promocione la no violencia contra los adultos mayores.<\/p>\n\n\n\n<figure class=\"wp-block-image size-large\"><img loading=\"lazy\" width=\"473\" height=\"1024\" src=\"http:\/\/freelance-mty.com\/wp-content\/uploads\/2020\/06\/WhatsApp-Image-2020-06-16-at-3.14.49-AM-1-473x1024.jpeg\" alt=\"\" class=\"wp-image-6820\" srcset=\"http:\/\/freelance-mty.com\/wp-content\/uploads\/2020\/06\/WhatsApp-Image-2020-06-16-at-3.14.49-AM-1-473x1024.jpeg 473w, http:\/\/freelance-mty.com\/wp-content\/uploads\/2020\/06\/WhatsApp-Image-2020-06-16-at-3.14.49-AM-1-138x300.jpeg 138w, http:\/\/freelance-mty.com\/wp-content\/uploads\/2020\/06\/WhatsApp-Image-2020-06-16-at-3.14.49-AM-1.jpeg 540w\" sizes=\"(max-width: 473px) 100vw, 473px\" \/><\/figure>\n\n\n\n<p><\/p>\n","protected":false},"excerpt":{"rendered":"<p>UNEN ESFUERZOS PARA ERRADICAR MALTRATO A LOS ADULTOS MAYORES En el Marco de la celebraci\u00f3n del D\u00eda de la Toma&#8230;<\/p>\n","protected":false},"author":1,"featured_media":0,"comment_status":"open","ping_status":"open","sticky":false,"template":"","format":"standard","meta":[],"categories":[3],"tags":[],"_links":{"self":[{"href":"http:\/\/freelance-mty.com\/index.php?rest_route=\/wp\/v2\/posts\/6815"}],"collection":[{"href":"http:\/\/freelance-mty.com\/index.php?rest_route=\/wp\/v2\/posts"}],"about":[{"href":"http:\/\/freelance-mty.com\/index.php?rest_route=\/wp\/v2\/types\/post"}],"author":[{"embeddable":true,"href":"http:\/\/freelance-mty.com\/index.php?rest_route=\/wp\/v2\/users\/1"}],"replies":[{"embeddable":true,"href":"http:\/\/freelance-mty.com\/index.php?rest_route=%2Fwp%2Fv2%2Fcomments&post=6815"}],"version-history":[{"count":2,"href":"http:\/\/freelance-mty.com\/index.php?rest_route=\/wp\/v2\/posts\/6815\/revisions"}],"predecessor-version":[{"id":6821,"href":"http:\/\/freelance-mty.com\/index.php?rest_route=\/wp\/v2\/posts\/6815\/revisions\/6821"}],"wp:attachment":[{"href":"http:\/\/freelance-mty.com\/index.php?rest_route=%2Fwp%2Fv2%2Fmedia&parent=6815"}],"wp:term":[{"taxonomy":"category","embeddable":true,"href":"http:\/\/freelance-mty.com\/index.php?rest_route=%2Fwp%2Fv2%2Fcategories&post=6815"},{"taxonomy":"post_tag","embeddable":true,"href":"http:\/\/freelance-mty.com\/index.php?rest_route=%2Fwp%2Fv2%2Ftags&post=6815"}],"curies":[{"name":"wp","href":"https:\/\/api.w.org\/{rel}","templated":true}]}}