{"id":6894,"date":"2020-07-03T02:29:47","date_gmt":"2020-07-03T02:29:47","guid":{"rendered":"http:\/\/freelance-mty.com\/?p=6894"},"modified":"2020-07-03T02:29:48","modified_gmt":"2020-07-03T02:29:48","slug":"anuncia-el-bronco-nuevas-restricciones-descarta-toque-de-queda","status":"publish","type":"post","link":"http:\/\/freelance-mty.com\/?p=6894","title":{"rendered":"Anuncia \u201cEl Bronco\u201d nuevas restricciones; descarta toque de queda"},"content":{"rendered":"\n<p>A fin de evitar que el sistema hospitalario de Nuevo Le\u00f3n colapse ante el incremento acelerado de personas contagiadas por COVID-19, el Gobierno del Estado implant\u00f3 algunas medidas para reducir la movilidad, sin afectar la econom\u00eda al m\u00e1ximo.<\/p>\n\n\n\n<p>Tras encabezar la rueda de prensa diaria de actualizaci\u00f3n de casos del virus, el gobernador Jaime Rodr\u00edguez Calder\u00f3n descart\u00f3 que exista un toque de queda por la implementaci\u00f3n de estas medidas que entran en vigor a partir de este viernes 3 de julio, aunque reconoci\u00f3 pero si los contagios siguen creciendo se podr\u00eda tomar esa decisi\u00f3n.<\/p>\n\n\n\n<p>\u201cVamos a continuar con actividades esenciales y no esenciales, sin embargo tenemos que reducir la movilidad, por lo tanto vamos a restringir la movilidad\u201d, expres\u00f3 el Mandatario estatal.<\/p>\n\n\n\n<p>\u201cPor la movilidad tan grande que tra\u00edamos muchos negocios no podr\u00e1n abrir, as\u00ed que no podemos ser irresponsables; aquellos que s\u00ed est\u00e1n trabajando tienen que ser m\u00e1s responsables, de la casa al trabajo y del trabajo a su casa, no tienen por qu\u00e9 andar en otra actividad.<\/p>\n\n\n\n<p>\u201cNo hay toque de queda, no existe ni existi\u00f3 nunca esa posibilidad, s\u00ed habr\u00e1 medidas restrictivas para que podamos estabilizar nuestro sistema hospitalaria, para que podamos poder empezar a generar condiciones mejores para ustedes los ciudadanos de nuevo Le\u00f3n\u201d.<\/p>\n\n\n\n<p>Las medidas propuestas por la Secretar\u00eda de Salud son:<\/p>\n\n\n\n<p>Suspensi\u00f3n de trabajos o servicios no esenciales de lunes a viernes de las 22:00 horas a las 5:00 horas.<\/p>\n\n\n\n<p>Suspensi\u00f3n de trabajos o servicios no esenciales las 24 horas los s\u00e1bados y domingos.<\/p>\n\n\n\n<p>S\u00f3lo habr\u00e1 movilidad ciudadana para los que laboren en establecimientos que se consideren esenciales y que fueron abiertos con motivo de la activaci\u00f3n econ\u00f3mica.<\/p>\n\n\n\n<p>Las iglesias y centros religiosos tambi\u00e9n deber\u00e1n suspender sus actividades u oficios s\u00e1bados y domingos, por estar dentro del rubro de actividades no esenciales.<\/p>\n\n\n\n<p>Dijo que continuar\u00e1n cerrados bares, antros, quintas para rentas, cines, casinos, gimnasios, auditorios, conciertos, teatros, congresos profesionales, eventos sociales, r\u00edos, paseos, parajes tur\u00edsticos, paseos en veh\u00edculos todo terreno, en cuatrimoto.<\/p>\n\n\n\n<p>\u201cSe restringen los horarios para reducir la movilidad, para reducir los contagios y evitar saturaci\u00f3n de hospitales y afectaciones mayores a la econom\u00eda\u201d, indic\u00f3.<\/p>\n\n\n\n<p>\u201cSi nosotros continuamos con el crecimiento del virus se nos colapsar\u00e1 totalmente el sistema de Salud y tendr\u00edamos que cerrar toda la actividad econ\u00f3mica, la que hab\u00edamos abierto.<\/p>\n\n\n\n<p>\u201cEntonces vale la pena que en este momento todos seamos corresponsables, que la sociedad no tenga tentaci\u00f3n a d\u00f3nde ir porque ese es el problema de la movilidad\u201d.<\/p>\n\n\n\n<p>Agreg\u00f3 que las f\u00e1bricas esenciales est\u00e1n al cien por ciento trabajando, mientras las no esenciales al 50 por ciento y los centros comerciales abiertos excepto sus \u00e1reas comunes.<\/p>\n\n\n\n<p>Se\u00f1al\u00f3 que se considerar\u00e1 justificada la presencia en v\u00eda p\u00fablica s\u00f3lo por motivos de fuerza mayor como el traslado para compra de medicamentos, alimentos,<\/p>\n\n\n\n<p>El traslado a unidades de atenci\u00f3n m\u00e9dica p\u00fablicas o privadas, a centros de refugio o instituciones p\u00fablicas o privadas de asistencia social, y a instalaciones de seguridad p\u00fablica, protecci\u00f3n civil, procuraci\u00f3n y administraci\u00f3n de justicia e instituciones consideras esenciales para la protecci\u00f3n del persona, familia y bienes.<\/p>\n\n\n\n<p>Tambi\u00e9n estar\u00e1 justificado el traslado a los centros de trabajo esenciales y a restaurantes con servicio a domicilio o para llevar.<\/p>\n\n\n\n<p>Rodr\u00edguez Calder\u00f3n a\u00f1adi\u00f3 que los restaurantes o negocios de venta de comida podr\u00e1n prestar sus servicios en dichos horarios s\u00f3lo para llevar o entrega a domicilio y podr\u00e1n seguir trabajando todas las empresas que cumplan con los protocolos conforme al plan estatal de reapertura.<\/p>\n\n\n\n<p>Mencion\u00f3 que la vigilancia para el cumplimiento de las medidas ser\u00e1 a trav\u00e9s de las polic\u00edas municipales y Fuerza Civil, consider\u00e1ndose como motivo de amonestaci\u00f3n, aplicaci\u00f3n de multa o falta administrativa el no portar cubrebocas o utilizarlo incorrectamente, as\u00ed como estar en la v\u00eda p\u00fablica sin justificaci\u00f3n.<\/p>\n\n\n\n<p>El Gobernador se\u00f1al\u00f3 que para difundir estas medidas en todos los sectores de la sociedad se requiere la colaboraci\u00f3n de los Poderes Legislativo, Judicial, Municipal, Fiscal\u00eda General, adem\u00e1s de los \u00f3rganos Constitucionalmente Aut\u00f3nomos del Estado de Nuevo Le\u00f3n como la Comisi\u00f3n Estatal de Derechos Humanos.<\/p>\n","protected":false},"excerpt":{"rendered":"<p>A fin de evitar que el sistema hospitalario de Nuevo Le\u00f3n colapse ante el incremento acelerado de personas contagiadas por&#8230;<\/p>\n","protected":false},"author":1,"featured_media":6895,"comment_status":"open","ping_status":"open","sticky":false,"template":"","format":"standard","meta":[],"categories":[8],"tags":[],"_links":{"self":[{"href":"http:\/\/freelance-mty.com\/index.php?rest_route=\/wp\/v2\/posts\/6894"}],"collection":[{"href":"http:\/\/freelance-mty.com\/index.php?rest_route=\/wp\/v2\/posts"}],"about":[{"href":"http:\/\/freelance-mty.com\/index.php?rest_route=\/wp\/v2\/types\/post"}],"author":[{"embeddable":true,"href":"http:\/\/freelance-mty.com\/index.php?rest_route=\/wp\/v2\/users\/1"}],"replies":[{"embeddable":true,"href":"http:\/\/freelance-mty.com\/index.php?rest_route=%2Fwp%2Fv2%2Fcomments&post=6894"}],"version-history":[{"count":1,"href":"http:\/\/freelance-mty.com\/index.php?rest_route=\/wp\/v2\/posts\/6894\/revisions"}],"predecessor-version":[{"id":6896,"href":"http:\/\/freelance-mty.com\/index.php?rest_route=\/wp\/v2\/posts\/6894\/revisions\/6896"}],"wp:featuredmedia":[{"embeddable":true,"href":"http:\/\/freelance-mty.com\/index.php?rest_route=\/wp\/v2\/media\/6895"}],"wp:attachment":[{"href":"http:\/\/freelance-mty.com\/index.php?rest_route=%2Fwp%2Fv2%2Fmedia&parent=6894"}],"wp:term":[{"taxonomy":"category","embeddable":true,"href":"http:\/\/freelance-mty.com\/index.php?rest_route=%2Fwp%2Fv2%2Fcategories&post=6894"},{"taxonomy":"post_tag","embeddable":true,"href":"http:\/\/freelance-mty.com\/index.php?rest_route=%2Fwp%2Fv2%2Ftags&post=6894"}],"curies":[{"name":"wp","href":"https:\/\/api.w.org\/{rel}","templated":true}]}}