{"id":693,"date":"2018-02-07T20:43:44","date_gmt":"2018-02-07T20:43:44","guid":{"rendered":"http:\/\/freelance-mty.com\/?p=693"},"modified":"2018-02-07T20:44:27","modified_gmt":"2018-02-07T20:44:27","slug":"sergio-zertuche-romero-asume-como-delegado-del-imss-en-nuevo-leon","status":"publish","type":"post","link":"http:\/\/freelance-mty.com\/?p=693","title":{"rendered":"SERGIO ZERTUCHE ROMERO ASUME COMO DELEGADO DEL IMSS EN NUEVO LE\u00d3N"},"content":{"rendered":"<p class=\"yiv7378962072MsoListParagraph\" style=\"text-align: left;\"><a href=\"http:\/\/freelance-mty.com\/wp-content\/uploads\/2018\/02\/IMG_8802-1.jpg\"><img loading=\"lazy\" class=\"size-medium wp-image-695 alignleft\" src=\"http:\/\/freelance-mty.com\/wp-content\/uploads\/2018\/02\/IMG_8802-1-300x248.jpg\" alt=\"\" width=\"300\" height=\"248\" srcset=\"http:\/\/freelance-mty.com\/wp-content\/uploads\/2018\/02\/IMG_8802-1-300x248.jpg 300w, http:\/\/freelance-mty.com\/wp-content\/uploads\/2018\/02\/IMG_8802-1-768x634.jpg 768w, http:\/\/freelance-mty.com\/wp-content\/uploads\/2018\/02\/IMG_8802-1-1024x845.jpg 1024w\" sizes=\"(max-width: 300px) 100vw, 300px\" \/><\/a>\u00b7\u00a0\u00a0\u00a0\u00a0\u00a0\u00a0\u00a0\u00a0\u00a0<b><i>El Director General del Seguro Social, Tuffic Miguel, le instruy\u00f3 a mejorar la calidad y calidez en la atenci\u00f3n a los derechohabientes<\/i><\/b><\/p>\n<p class=\"yiv7378962072MsoNormal\"><i>\u00a0<\/i><\/p>\n<p class=\"yiv7378962072MsoNormal\">El H. Consejo T\u00e9cnico del Instituto Mexicano del Seguro Social (IMSS) design\u00f3 a Sergio Zertuche Romero como delegado de la Instituci\u00f3n en Nuevo Le\u00f3n, quien sustituye en el encargo a Francisco Javier Mata Rojas.<\/p>\n<p class=\"yiv7378962072MsoNormal\">Con la representaci\u00f3n del Director General del IMSS,\u00a0Tuffic Miguel, la Directora de Planeaci\u00f3n Estrat\u00e9gica e Institucional, Joanna Cristo Aguirre, tom\u00f3 la protesta de ley al nuevo delegado.<\/p>\n<p class=\"yiv7378962072MsoNormal\">Zertuche Guzm\u00e1n llega a este cargo con la instrucci\u00f3n del Director General del IMSS en el sentido de que la fortaleza financiera del Instituto se traduzca en una mejor calidad y calidez en los servicios que se otorgan a los derechohabientes, adem\u00e1s que se impulsen programas estrat\u00e9gicos como lo es el Nuevo Modelo de Prevenci\u00f3n.<\/p>\n<p class=\"yiv7378962072MsoNormal\">Contador P\u00fablico, egresado del Instituto Tecnol\u00f3gico y de Estudios Superiores de Monterrey y con la Maestr\u00eda en Administraci\u00f3n con especialidad en\u00a0 Finanzas, en la misma Casa de Estudios, Zertuche Romero asume la Delegaci\u00f3n del IMSS con una reconocida carrera en el Sector P\u00fablico en el \u00e1rea de Salud. Entre sus cargos\u00a0 figuran:<\/p>\n<p class=\"yiv7378962072MsoNormal\">Delegado del IMSS en Zacatecas, de febrero de 2016 a enero del presente a\u00f1o; Gerente Regional del Infonavit en Reynosa, Tamaulipas, julio de 2013 a febrero de 2016; delegado del ISSSTE en Tamaulipas, marzo de 2009 a febrero de 2013; y Subdelegado de Administraci\u00f3n del ISSSTE en Nuevo Le\u00f3n de marzo de 2007 a marzo de 2009.<\/p>\n<p class=\"yiv7378962072MsoNormal\">Durante la ceremonia protocolaria la Directora de Planeaci\u00f3n Estrat\u00e9gica e Institucional, Joanna Cristo, hizo un reconocimiento al delegado saliente Francisco Javier Mata, por sus destacada trayectoria en la delegaci\u00f3n del IMSS en Nuevo Le\u00f3n, ubic\u00e1ndola como la delegaci\u00f3n que m\u00e1s Premios IMSS de Calidad recibi\u00f3 en el 2017, as\u00ed como por su decidido apoyo para mejorar la calidad y calidez en\u00a0 los servicios a los derechohabientes.<\/p>\n","protected":false},"excerpt":{"rendered":"<p>\u00b7\u00a0\u00a0\u00a0\u00a0\u00a0\u00a0\u00a0\u00a0\u00a0El Director General del Seguro Social, Tuffic Miguel, le instruy\u00f3 a mejorar la calidad y calidez en la atenci\u00f3n a&#8230;<\/p>\n","protected":false},"author":1,"featured_media":695,"comment_status":"open","ping_status":"open","sticky":false,"template":"","format":"standard","meta":[],"categories":[3,8],"tags":[],"_links":{"self":[{"href":"http:\/\/freelance-mty.com\/index.php?rest_route=\/wp\/v2\/posts\/693"}],"collection":[{"href":"http:\/\/freelance-mty.com\/index.php?rest_route=\/wp\/v2\/posts"}],"about":[{"href":"http:\/\/freelance-mty.com\/index.php?rest_route=\/wp\/v2\/types\/post"}],"author":[{"embeddable":true,"href":"http:\/\/freelance-mty.com\/index.php?rest_route=\/wp\/v2\/users\/1"}],"replies":[{"embeddable":true,"href":"http:\/\/freelance-mty.com\/index.php?rest_route=%2Fwp%2Fv2%2Fcomments&post=693"}],"version-history":[{"count":3,"href":"http:\/\/freelance-mty.com\/index.php?rest_route=\/wp\/v2\/posts\/693\/revisions"}],"predecessor-version":[{"id":697,"href":"http:\/\/freelance-mty.com\/index.php?rest_route=\/wp\/v2\/posts\/693\/revisions\/697"}],"wp:featuredmedia":[{"embeddable":true,"href":"http:\/\/freelance-mty.com\/index.php?rest_route=\/wp\/v2\/media\/695"}],"wp:attachment":[{"href":"http:\/\/freelance-mty.com\/index.php?rest_route=%2Fwp%2Fv2%2Fmedia&parent=693"}],"wp:term":[{"taxonomy":"category","embeddable":true,"href":"http:\/\/freelance-mty.com\/index.php?rest_route=%2Fwp%2Fv2%2Fcategories&post=693"},{"taxonomy":"post_tag","embeddable":true,"href":"http:\/\/freelance-mty.com\/index.php?rest_route=%2Fwp%2Fv2%2Ftags&post=693"}],"curies":[{"name":"wp","href":"https:\/\/api.w.org\/{rel}","templated":true}]}}