{"id":7101,"date":"2020-08-18T00:47:34","date_gmt":"2020-08-18T00:47:34","guid":{"rendered":"http:\/\/freelance-mty.com\/?p=7101"},"modified":"2020-08-18T00:47:35","modified_gmt":"2020-08-18T00:47:35","slug":"aprueba-apodaca-someter-a-consulta-publica-modificaciones-al-atlas-de-riesgo","status":"publish","type":"post","link":"http:\/\/freelance-mty.com\/?p=7101","title":{"rendered":"Aprueba Apodaca someter a consulta p\u00fablica modificaciones al Atlas de Riesgo"},"content":{"rendered":"\n<p><\/p>\n\n\n\n<p>Con el prop\u00f3sito de salvaguardar la integridad de los ciudadanos y su patrimonio ante cualquier contingencia meteorol\u00f3gica, el Cabildo de Apodaca aprob\u00f3 por unanimidad someter a consulta p\u00fablica las modificaciones al Atlas de Riesgo en materia de Protecci\u00f3n Civil.<\/p>\n\n\n\n<p>A trav\u00e9s de las comisiones unidas de Desarrollo Urbano y Protecci\u00f3n Civil mediante la Secretar\u00eda del Ayuntamiento, en voz del S\u00edndico Segundo Francisco Escare\u00f1o, se inform\u00f3 que la consulta tendr\u00e1 una duraci\u00f3n de 64 d\u00edas h\u00e1biles, entre el 26 de agosto y 25 de noviembre del 2020.<\/p>\n\n\n\n<p>Para ello, se realizar\u00e1 una primera consulta p\u00fablica en el Auditorio Municipal el pr\u00f3ximo 26 de agosto a las 11:00 horas y una segunda audiencia p\u00fablica el 25 de noviembre a la misma hora, donde se explicar\u00e1 a la poblaci\u00f3n el contenido de dicho documento y la mec\u00e1nica de participaci\u00f3n.<\/p>\n\n\n\n<p>\u201cLos planteamientos, observaciones y aportaciones que se realicen podr\u00e1n ser de manera verbal o escritas. Las audiencias p\u00fablicas ser\u00e1n con todas las medidas de seguridad sanitaria ante el estado de emergencia y se transmitir\u00e1n en vivo en los canales oficiales del municipio\u201d, detall\u00f3 Escare\u00f1o.&nbsp;<\/p>\n\n\n\n<p>Las aportaciones por escrito para la elaboraci\u00f3n y actualizaci\u00f3n del Atlas de Riesgo, deber\u00e1n entregarse en la Secretar\u00eda del Ayuntamiento que encabeza H\u00e9ctor Morales Rivera, de las 10:00 a las 15:00 horas, siempre y cuando est\u00e9n fundamentadas y documentadas para que la dependencia les firme de recibido.&nbsp;<\/p>\n\n\n\n<p>Por su parte, el alcalde C\u00e9sar Garza Villarreal, se\u00f1al\u00f3 que estas modificaciones complementan las actualizaciones y revisi\u00f3n del Plan de Desarrollo Urbano que se realizar\u00e1 por parte del Municipio.<\/p>\n\n\n\n<p>\u201cLa eventualidad que tuvimos de la tormenta (Hanna) que fue algo inusitado, ya se est\u00e1 considerando como un riesgo para nuestro municipio, por lo que&nbsp; el documento deber\u00e1 de impactar incluso algunas especificaciones de construcci\u00f3n como sucedi\u00f3 con bodegas de parques industriales\u201d.<\/p>\n\n\n\n<p>\u201cEs un Atlas totalmente actualizado que deber\u00eda cambiar conforme cambia la composici\u00f3n de nuestra ciudad en el futuro, nuevas zonas de desarrollo, nuevas industrias que van a llegar y el d\u00eda de hoy el documento presentado es bastante completo\u201d, agreg\u00f3 Garza Villarreal.<\/p>\n\n\n\n<p>Ser\u00e1n las comisiones de Desarrollo Urbano y Protecci\u00f3n Civil, quienes dictaminar\u00e1n definitivamente el documento. Tras su formulaci\u00f3n deber\u00e1 ser publicado en medios oficiales, gaceta municipal y diario oficial del estado.<\/p>\n","protected":false},"excerpt":{"rendered":"<p>Con el prop\u00f3sito de salvaguardar la integridad de los ciudadanos y su patrimonio ante cualquier contingencia meteorol\u00f3gica, el Cabildo de&#8230;<\/p>\n","protected":false},"author":1,"featured_media":7102,"comment_status":"open","ping_status":"open","sticky":false,"template":"","format":"standard","meta":[],"categories":[3,8],"tags":[],"_links":{"self":[{"href":"http:\/\/freelance-mty.com\/index.php?rest_route=\/wp\/v2\/posts\/7101"}],"collection":[{"href":"http:\/\/freelance-mty.com\/index.php?rest_route=\/wp\/v2\/posts"}],"about":[{"href":"http:\/\/freelance-mty.com\/index.php?rest_route=\/wp\/v2\/types\/post"}],"author":[{"embeddable":true,"href":"http:\/\/freelance-mty.com\/index.php?rest_route=\/wp\/v2\/users\/1"}],"replies":[{"embeddable":true,"href":"http:\/\/freelance-mty.com\/index.php?rest_route=%2Fwp%2Fv2%2Fcomments&post=7101"}],"version-history":[{"count":1,"href":"http:\/\/freelance-mty.com\/index.php?rest_route=\/wp\/v2\/posts\/7101\/revisions"}],"predecessor-version":[{"id":7103,"href":"http:\/\/freelance-mty.com\/index.php?rest_route=\/wp\/v2\/posts\/7101\/revisions\/7103"}],"wp:featuredmedia":[{"embeddable":true,"href":"http:\/\/freelance-mty.com\/index.php?rest_route=\/wp\/v2\/media\/7102"}],"wp:attachment":[{"href":"http:\/\/freelance-mty.com\/index.php?rest_route=%2Fwp%2Fv2%2Fmedia&parent=7101"}],"wp:term":[{"taxonomy":"category","embeddable":true,"href":"http:\/\/freelance-mty.com\/index.php?rest_route=%2Fwp%2Fv2%2Fcategories&post=7101"},{"taxonomy":"post_tag","embeddable":true,"href":"http:\/\/freelance-mty.com\/index.php?rest_route=%2Fwp%2Fv2%2Ftags&post=7101"}],"curies":[{"name":"wp","href":"https:\/\/api.w.org\/{rel}","templated":true}]}}