{"id":7290,"date":"2020-09-11T00:21:22","date_gmt":"2020-09-11T00:21:22","guid":{"rendered":"http:\/\/freelance-mty.com\/?p=7290"},"modified":"2020-09-11T00:21:23","modified_gmt":"2020-09-11T00:21:23","slug":"presenta-pan-iniciativa-para-homologar-ley-de-transparencia","status":"publish","type":"post","link":"http:\/\/freelance-mty.com\/?p=7290","title":{"rendered":"Presenta PAN iniciativa para homologar Ley de Transparencia"},"content":{"rendered":"\n<p>Para ampliar a la ciudadan\u00eda el acceso sobre las sentencias del Poder Judicial, el diputado local del PAN F\u00e9lix Rocha Esquivel present\u00f3 una iniciativa de reforma al art\u00edculo 99 de la Ley de Transparencia y Acceso a la Informaci\u00f3n P\u00fablica de Nuevo Le\u00f3n.<\/p>\n\n\n\n<p>La propuesta consiste en homologar este marco jur\u00eddico local con las reformas a la Ley General de Transparencia y Acceso a la Informaci\u00f3n P\u00fablica en su art\u00edculo 73 , &nbsp;cuyo decreto fue publicado en el Diario Oficial de la Federaci\u00f3n el pasado 13 de agosto.<\/p>\n\n\n\n<p>\u201cArt\u00edculo 73. Adem\u00e1s de lo se\u00f1alado en el art\u00edculo 70 de la presente Ley, los sujetos obligados de los Poderes Judiciales Federal y de las Entidades Federativas deber\u00e1n poner a disposici\u00f3n del p\u00fablico y actualizar la siguiente informaci\u00f3n:<br>I. &nbsp; &nbsp; \u2026<\/p>\n\n\n\n<p>II. &nbsp; &nbsp; Las versiones p\u00fablicas de todas las sentencias emitidas;\u201d , cita el decreto.<\/p>\n\n\n\n<p>Asimismo, el decreto incluye que los Congresos de las entidades federativas tienen un plazo de 180 d\u00edas, a partir de la publicaci\u00f3n del decreto, para realizar las adecuaciones normativas correspondientes de conformidad con lo previsto en el presente decreto.<\/p>\n\n\n\n<p>\u201cEn el marco de esta porci\u00f3n normativa se ordena la publicidad de todas la sentencias emitidas por los Poderes Judiciales de las Entidades Federativas, &nbsp;vinculando al luz p\u00fablica los argumentos, razonamientos, criterios para emitirlas\u201d, contempla la iniciativa presentada por Rocha Esquivel.<\/p>\n","protected":false},"excerpt":{"rendered":"<p>Para ampliar a la ciudadan\u00eda el acceso sobre las sentencias del Poder Judicial, el diputado local del PAN F\u00e9lix Rocha&#8230;<\/p>\n","protected":false},"author":1,"featured_media":7291,"comment_status":"open","ping_status":"open","sticky":false,"template":"","format":"standard","meta":[],"categories":[7],"tags":[],"_links":{"self":[{"href":"http:\/\/freelance-mty.com\/index.php?rest_route=\/wp\/v2\/posts\/7290"}],"collection":[{"href":"http:\/\/freelance-mty.com\/index.php?rest_route=\/wp\/v2\/posts"}],"about":[{"href":"http:\/\/freelance-mty.com\/index.php?rest_route=\/wp\/v2\/types\/post"}],"author":[{"embeddable":true,"href":"http:\/\/freelance-mty.com\/index.php?rest_route=\/wp\/v2\/users\/1"}],"replies":[{"embeddable":true,"href":"http:\/\/freelance-mty.com\/index.php?rest_route=%2Fwp%2Fv2%2Fcomments&post=7290"}],"version-history":[{"count":1,"href":"http:\/\/freelance-mty.com\/index.php?rest_route=\/wp\/v2\/posts\/7290\/revisions"}],"predecessor-version":[{"id":7292,"href":"http:\/\/freelance-mty.com\/index.php?rest_route=\/wp\/v2\/posts\/7290\/revisions\/7292"}],"wp:featuredmedia":[{"embeddable":true,"href":"http:\/\/freelance-mty.com\/index.php?rest_route=\/wp\/v2\/media\/7291"}],"wp:attachment":[{"href":"http:\/\/freelance-mty.com\/index.php?rest_route=%2Fwp%2Fv2%2Fmedia&parent=7290"}],"wp:term":[{"taxonomy":"category","embeddable":true,"href":"http:\/\/freelance-mty.com\/index.php?rest_route=%2Fwp%2Fv2%2Fcategories&post=7290"},{"taxonomy":"post_tag","embeddable":true,"href":"http:\/\/freelance-mty.com\/index.php?rest_route=%2Fwp%2Fv2%2Ftags&post=7290"}],"curies":[{"name":"wp","href":"https:\/\/api.w.org\/{rel}","templated":true}]}}