{"id":7297,"date":"2020-09-15T00:43:58","date_gmt":"2020-09-15T00:43:58","guid":{"rendered":"http:\/\/freelance-mty.com\/?p=7297"},"modified":"2020-09-15T00:43:59","modified_gmt":"2020-09-15T00:43:59","slug":"anuncia-cesar-garza-regreso-de-los-miercoles-ciudadanos","status":"publish","type":"post","link":"http:\/\/freelance-mty.com\/?p=7297","title":{"rendered":"Anuncia C\u00e9sar Garza regreso de los Mi\u00e9rcoles Ciudadanos"},"content":{"rendered":"\n<p>Pese a ser considerado como asueto, para poder atender a m\u00e1s ciudadanos con las medidas adecuadas a la nueva normalidad, el Alcalde de Apodaca, C\u00e9sar Garza Villarreal anunci\u00f3 que este 16 de septiembre regresar\u00e1n los \u201cMi\u00e9rcoles Ciudadanos\u201d al auditorio municipal.<\/p>\n\n\n\n<p>A trav\u00e9s de una transmisi\u00f3n desde sus redes sociales, el edil indic\u00f3 que ser\u00e1 partir de las 17:00 horas en el espacio ubicado junto a la Presidencia Municipal donde ser\u00e1n aplicados todos los protocolos de seguridad sanitaria, para atender temas p\u00fablicos y particulares de los ciudadanos, luego de haberlos reactivados recientemente al aire libre en el Parque San Francisco.<\/p>\n\n\n\n<p>\u201cRegresan los Mi\u00e9rcoles Ciudadanos al Auditorio Municipal con todas las reglas de sana distancia, todo lo que marca la Secretar\u00eda de Salud, si no tienen cita se pueden venir, hay casos que se pueden arreglar muy f\u00e1cil\u201d.<\/p>\n\n\n\n<p>\u201cConvenios en el impuesto predial, de alg\u00fan asunto de tr\u00e1nsito, gestor\u00edas de peso por peso en Participaci\u00f3n Ciudadana, tr\u00e1mites de desarrollo urbano, seguimiento a temas pendientes, vamos a estar cubiertos, as\u00ed que aunque llueva los vamos a atender\u201d, expuso Garza Villarreal.<\/p>\n\n\n\n<p>El Presidente Municipal reiter\u00f3 la invitaci\u00f3n a festejar el Grito de Independencia a trav\u00e9s de un transmisi\u00f3n de Facebook Live a las 22:30 de este martes 15 de septiembre, para evitar concentraciones de personas y evitar as\u00ed eventuales casos de contagios de covid-19.<\/p>\n\n\n\n<p>\u201cNo vengan a la plaza, el Grito de Independencia va a ser virtual y va a llegar a todos sus hogares, para que se conecten en familia, en su negocio y as\u00ed disfrutemos juntos de las fiestas patrias y el mi\u00e9rcoles 16 d\u00eda de asueto, aqu\u00ed se trabaja en Apodaca de puertas abiertas para atenderlos\u201d, agreg\u00f3 el mun\u00edcipe apodaquense.&nbsp;<\/p>\n","protected":false},"excerpt":{"rendered":"<p>Pese a ser considerado como asueto, para poder atender a m\u00e1s ciudadanos con las medidas adecuadas a la nueva normalidad,&#8230;<\/p>\n","protected":false},"author":1,"featured_media":7298,"comment_status":"open","ping_status":"open","sticky":false,"template":"","format":"standard","meta":[],"categories":[8],"tags":[],"_links":{"self":[{"href":"http:\/\/freelance-mty.com\/index.php?rest_route=\/wp\/v2\/posts\/7297"}],"collection":[{"href":"http:\/\/freelance-mty.com\/index.php?rest_route=\/wp\/v2\/posts"}],"about":[{"href":"http:\/\/freelance-mty.com\/index.php?rest_route=\/wp\/v2\/types\/post"}],"author":[{"embeddable":true,"href":"http:\/\/freelance-mty.com\/index.php?rest_route=\/wp\/v2\/users\/1"}],"replies":[{"embeddable":true,"href":"http:\/\/freelance-mty.com\/index.php?rest_route=%2Fwp%2Fv2%2Fcomments&post=7297"}],"version-history":[{"count":1,"href":"http:\/\/freelance-mty.com\/index.php?rest_route=\/wp\/v2\/posts\/7297\/revisions"}],"predecessor-version":[{"id":7299,"href":"http:\/\/freelance-mty.com\/index.php?rest_route=\/wp\/v2\/posts\/7297\/revisions\/7299"}],"wp:featuredmedia":[{"embeddable":true,"href":"http:\/\/freelance-mty.com\/index.php?rest_route=\/wp\/v2\/media\/7298"}],"wp:attachment":[{"href":"http:\/\/freelance-mty.com\/index.php?rest_route=%2Fwp%2Fv2%2Fmedia&parent=7297"}],"wp:term":[{"taxonomy":"category","embeddable":true,"href":"http:\/\/freelance-mty.com\/index.php?rest_route=%2Fwp%2Fv2%2Fcategories&post=7297"},{"taxonomy":"post_tag","embeddable":true,"href":"http:\/\/freelance-mty.com\/index.php?rest_route=%2Fwp%2Fv2%2Ftags&post=7297"}],"curies":[{"name":"wp","href":"https:\/\/api.w.org\/{rel}","templated":true}]}}