{"id":7486,"date":"2020-10-20T04:53:11","date_gmt":"2020-10-20T04:53:11","guid":{"rendered":"http:\/\/freelance-mty.com\/?p=7486"},"modified":"2020-10-20T04:53:12","modified_gmt":"2020-10-20T04:53:12","slug":"solicitan-explicacion-de-danos-en-carretera-rural","status":"publish","type":"post","link":"http:\/\/freelance-mty.com\/?p=7486","title":{"rendered":"Solicitan explicaci\u00f3n de da\u00f1os en carretera rural"},"content":{"rendered":"\n<p>Debido a que la Carretera Monterrey- Colombia ya presenta da\u00f1os a unas semanas de haber sido rehabilitada, el Diputado local del PAN Samuel Villa Vel\u00e1zquez solicit\u00f3 a la Secretar\u00eda de Infraestructura y Obras P\u00fablicas del Estado el nombre de la empresa que realiz\u00f3 los trabajos y una explicaci\u00f3n sobre esta situaci\u00f3n.<\/p>\n\n\n\n<p>Durante al sesi\u00f3n de este lunes, el Legislador expuso los da\u00f1os con los que cuenta dicha carretera a unas semanas de haber sido rehabilitada, por lo que agreg\u00f3 es importante el Estado informe porqu\u00e9 ya presenta baches.<\/p>\n\n\n\n<p>\u201cEn el kil\u00f3metro 71 se acaba de rehabilitar la carpeta, hay baches, y es la \u00fanica v\u00eda de acceso que tienen los municipios del Norte al \u00e1rea metropolitana y desafortunadamente a un mes de que esta v\u00eda de comunicaci\u00f3n fue reparado en el kil\u00f3metro 71 ya presenta baches.<\/p>\n\n\n\n<p>\u201cEsta carretera es muy importante para los habitantes del Norte de Nuevo Le\u00f3n porque es la \u00fanica v\u00eda de acceso que tenemos hacia el \u00e1rea metropolitana cuando venimos a estudiar, trabajar o atendernos por una raz\u00f3n m\u00e9dico o por diferentes asuntos\u201d, se\u00f1al\u00f3.<\/p>\n\n\n\n<p>Villa Vel\u00e1zquez tambi\u00e9n pidi\u00f3 al gobierno estatal env\u00ede al Congreso que acredite que exigen a la compa\u00f1\u00eda reparar los desperfectos en el tramo carretero mencionado.<\/p>\n\n\n\n<p>EL exhorto fue aprobado por unanimidad de los diputados.<\/p>\n","protected":false},"excerpt":{"rendered":"<p>Debido a que la Carretera Monterrey- Colombia ya presenta da\u00f1os a unas semanas de haber sido rehabilitada, el Diputado local&#8230;<\/p>\n","protected":false},"author":1,"featured_media":7487,"comment_status":"open","ping_status":"open","sticky":false,"template":"","format":"standard","meta":[],"categories":[3,7],"tags":[],"_links":{"self":[{"href":"http:\/\/freelance-mty.com\/index.php?rest_route=\/wp\/v2\/posts\/7486"}],"collection":[{"href":"http:\/\/freelance-mty.com\/index.php?rest_route=\/wp\/v2\/posts"}],"about":[{"href":"http:\/\/freelance-mty.com\/index.php?rest_route=\/wp\/v2\/types\/post"}],"author":[{"embeddable":true,"href":"http:\/\/freelance-mty.com\/index.php?rest_route=\/wp\/v2\/users\/1"}],"replies":[{"embeddable":true,"href":"http:\/\/freelance-mty.com\/index.php?rest_route=%2Fwp%2Fv2%2Fcomments&post=7486"}],"version-history":[{"count":1,"href":"http:\/\/freelance-mty.com\/index.php?rest_route=\/wp\/v2\/posts\/7486\/revisions"}],"predecessor-version":[{"id":7488,"href":"http:\/\/freelance-mty.com\/index.php?rest_route=\/wp\/v2\/posts\/7486\/revisions\/7488"}],"wp:featuredmedia":[{"embeddable":true,"href":"http:\/\/freelance-mty.com\/index.php?rest_route=\/wp\/v2\/media\/7487"}],"wp:attachment":[{"href":"http:\/\/freelance-mty.com\/index.php?rest_route=%2Fwp%2Fv2%2Fmedia&parent=7486"}],"wp:term":[{"taxonomy":"category","embeddable":true,"href":"http:\/\/freelance-mty.com\/index.php?rest_route=%2Fwp%2Fv2%2Fcategories&post=7486"},{"taxonomy":"post_tag","embeddable":true,"href":"http:\/\/freelance-mty.com\/index.php?rest_route=%2Fwp%2Fv2%2Ftags&post=7486"}],"curies":[{"name":"wp","href":"https:\/\/api.w.org\/{rel}","templated":true}]}}