{"id":7553,"date":"2020-10-30T04:18:44","date_gmt":"2020-10-30T04:18:44","guid":{"rendered":"http:\/\/freelance-mty.com\/?p=7553"},"modified":"2020-10-30T04:18:45","modified_gmt":"2020-10-30T04:18:45","slug":"reconoce-canacar-al-gobierno-de-guadalupe","status":"publish","type":"post","link":"http:\/\/freelance-mty.com\/?p=7553","title":{"rendered":"Reconoce Canacar al Gobierno de Guadalupe"},"content":{"rendered":"\n<p>Por ser facilitadores del desarrollo de las empresas de autotransporte local y for\u00e1neo, el Gobierno de Guadalupe, encabezado por la alcaldesa Cristina D\u00edaz, recibi\u00f3 un reconocimiento por parte de la C\u00e1mara Nacional del Autotransporte de Carga (Canacar), Zona Noreste.<\/p>\n\n\n\n<p>Antonio Tamez, vicepresidente Regional de Canacar; Alfredo Gonz\u00e1lez Villegas, director Regional Noreste; y Brenda Arredondo, gerente de Servicios; entregaron el reconocimiento a la Presidenta Municipal, por el apoyo en la log\u00edstica vial brindada al sector.<\/p>\n\n\n\n<p>Al asistir a la Presidencia Municipal, los integrantes de la Canacar agradecieron la informaci\u00f3n que la autoridad municipal brinda al autotransporte de Nuevo Le\u00f3n, el cual representa el 38 por ciento de todo el sector a nivel federal.<\/p>\n\n\n\n<p>\u201cConocemos la importancia del sector de autotransporte, por el traslado de insumos, de medicamento, hidrocarburos, alimentos, en fin todo lo que ocupamos en el desarrollo diario de la sociedad, no solo de Guadalupe, sino de la regi\u00f3n y del pa\u00eds\u201d, expres\u00f3 D\u00edaz.<\/p>\n\n\n\n<p>En tanto, los representantes de la Canacar reconocieron que se tiene muy buena comunicaci\u00f3n con las autoridades de Tr\u00e1nsito del Municipio de Guadalupe.<\/p>\n\n\n\n<p>\u201cEl reconocimiento que entregamos es una forma de agradecer la orientaci\u00f3n que brindan a las empresas del sector, porque sabemos que hay \u00e1reas o d\u00edas para el autotransporte, pero en ocasiones tenemos que entregar mercanc\u00edas en ubicaciones a las cuales no sabemos c\u00f3mo llegar, y con la informaci\u00f3n nos ayudan mucho\u201d, se\u00f1al\u00f3 Antonio Tamez, vicepresidente Regional de la C\u00e1mara.<\/p>\n\n\n\n<p>Por el municipio de Guadalupe, explic\u00f3, cruzan las unidades del autotransporte para llevar mercanc\u00eda diversa a otros municipios, como Cadereyta, Ju\u00e1rez, San Nicol\u00e1s, Monterrey, entre otros.<\/p>\n\n\n\n<p>Acompa\u00f1aron a la Alcaldesa, el secretario del Ayuntamiento, Epigmenio Garza; y el director de Tr\u00e1nsito, H\u00e9ctor Arredondo Cano.<\/p>\n","protected":false},"excerpt":{"rendered":"<p>Por ser facilitadores del desarrollo de las empresas de autotransporte local y for\u00e1neo, el Gobierno de Guadalupe, encabezado por la&#8230;<\/p>\n","protected":false},"author":1,"featured_media":7554,"comment_status":"open","ping_status":"open","sticky":false,"template":"","format":"standard","meta":[],"categories":[7],"tags":[],"_links":{"self":[{"href":"http:\/\/freelance-mty.com\/index.php?rest_route=\/wp\/v2\/posts\/7553"}],"collection":[{"href":"http:\/\/freelance-mty.com\/index.php?rest_route=\/wp\/v2\/posts"}],"about":[{"href":"http:\/\/freelance-mty.com\/index.php?rest_route=\/wp\/v2\/types\/post"}],"author":[{"embeddable":true,"href":"http:\/\/freelance-mty.com\/index.php?rest_route=\/wp\/v2\/users\/1"}],"replies":[{"embeddable":true,"href":"http:\/\/freelance-mty.com\/index.php?rest_route=%2Fwp%2Fv2%2Fcomments&post=7553"}],"version-history":[{"count":1,"href":"http:\/\/freelance-mty.com\/index.php?rest_route=\/wp\/v2\/posts\/7553\/revisions"}],"predecessor-version":[{"id":7555,"href":"http:\/\/freelance-mty.com\/index.php?rest_route=\/wp\/v2\/posts\/7553\/revisions\/7555"}],"wp:featuredmedia":[{"embeddable":true,"href":"http:\/\/freelance-mty.com\/index.php?rest_route=\/wp\/v2\/media\/7554"}],"wp:attachment":[{"href":"http:\/\/freelance-mty.com\/index.php?rest_route=%2Fwp%2Fv2%2Fmedia&parent=7553"}],"wp:term":[{"taxonomy":"category","embeddable":true,"href":"http:\/\/freelance-mty.com\/index.php?rest_route=%2Fwp%2Fv2%2Fcategories&post=7553"},{"taxonomy":"post_tag","embeddable":true,"href":"http:\/\/freelance-mty.com\/index.php?rest_route=%2Fwp%2Fv2%2Ftags&post=7553"}],"curies":[{"name":"wp","href":"https:\/\/api.w.org\/{rel}","templated":true}]}}