{"id":7673,"date":"2020-11-19T10:04:44","date_gmt":"2020-11-19T10:04:44","guid":{"rendered":"http:\/\/freelance-mty.com\/?p=7673"},"modified":"2020-11-19T10:04:45","modified_gmt":"2020-11-19T10:04:45","slug":"arriban-a-altamira-vagones-alemanes-de-linea-3","status":"publish","type":"post","link":"http:\/\/freelance-mty.com\/?p=7673","title":{"rendered":"Arriban a Altamira vagones alemanes de L\u00ednea 3"},"content":{"rendered":"\n<p>El barco H\u00f6egh Yokohama que trasportaba los vagones para la L\u00ednea 3 del Metro, atrac\u00f3 este mi\u00e9rcoles en el puerto industrial de Altamira, Tamaulipas.<\/p>\n\n\n\n<p>Los&nbsp; cuatro vagones prefabricados en Alemania fueron descargados, mientras personal de Adunas de nuestro pa\u00eds revisa que los carros cumplan con las especificaciones necesarias&nbsp; para su operaci\u00f3n en la ciudad de Monterrey.<\/p>\n\n\n\n<p>El titular del Instituto de Movilidad y Accesibilidad de Nuevo Le\u00f3n, No\u00e9 Ch\u00e1vez Montemayor, se encuentra en el vecino estado, supervisando las labores.<\/p>\n\n\n\n<p>Se espera que en las&nbsp; pr\u00f3ximas horas comience el traslado v\u00eda terrestre hacia la estaci\u00f3n Talleres de Metrorrey, en la colonia San Bernab\u00e9, al norte de la ciudad.<\/p>\n\n\n\n<p>Los vagones son de la marca Duewag, modelo \u201cU3\u201d &nbsp;y se compraron al gobierno de Frankfurt, a trav\u00e9s del Organismo Operador del Transporte Masivo de la Ciudad VerkehrsGesellschaft Frankfurt, \u201cVGF\u201d y puestos para su re manufactura con la empresa TALBOT.<\/p>\n\n\n\n<p>Fueron hechos totalmente nuevos en su interior, asientos, espacios, pintura exterior e interior; los nuevos componentes est\u00e1n dise\u00f1ados para tener una vida \u00fatil de m\u00e1s de 20 a\u00f1os.<\/p>\n\n\n\n<p>Tienen las siguientes caracter\u00edsticas&nbsp; f\u00edsicas: 2.650 de ancho,&nbsp; de altura 3.280 m y longitud por vag\u00f3n es 25.680 m, cuenta con un motor AEG USC 6456, su m\u00e1xima velocidad es de 80 kil\u00f3metros por hora y cuenta con un peso de 36,000 kilos sin pasajeros.<\/p>\n\n\n\n<p>Adem\u00e1s, navegando hacia M\u00e9xico, ya se encuentran tres vagones m\u00e1s desde Alemania, que tienen fecha de arribo aproximado para el 8 de diciembre.<\/p>\n\n\n\n<p>Se contempla tambi\u00e9n que alrededor del 16 de diciembre lleguen cuatro vagones nuevos desde China, y se espera que a finales de noviembre, doce m\u00e1s embarquen su camino desde el continente asi\u00e1tico para llegar por el puerto de Manzanillo despu\u00e9s del 16 de enero.<\/p>\n","protected":false},"excerpt":{"rendered":"<p>El barco H\u00f6egh Yokohama que trasportaba los vagones para la L\u00ednea 3 del Metro, atrac\u00f3 este mi\u00e9rcoles en el puerto&#8230;<\/p>\n","protected":false},"author":1,"featured_media":7674,"comment_status":"open","ping_status":"open","sticky":false,"template":"","format":"standard","meta":[],"categories":[7],"tags":[],"_links":{"self":[{"href":"http:\/\/freelance-mty.com\/index.php?rest_route=\/wp\/v2\/posts\/7673"}],"collection":[{"href":"http:\/\/freelance-mty.com\/index.php?rest_route=\/wp\/v2\/posts"}],"about":[{"href":"http:\/\/freelance-mty.com\/index.php?rest_route=\/wp\/v2\/types\/post"}],"author":[{"embeddable":true,"href":"http:\/\/freelance-mty.com\/index.php?rest_route=\/wp\/v2\/users\/1"}],"replies":[{"embeddable":true,"href":"http:\/\/freelance-mty.com\/index.php?rest_route=%2Fwp%2Fv2%2Fcomments&post=7673"}],"version-history":[{"count":1,"href":"http:\/\/freelance-mty.com\/index.php?rest_route=\/wp\/v2\/posts\/7673\/revisions"}],"predecessor-version":[{"id":7675,"href":"http:\/\/freelance-mty.com\/index.php?rest_route=\/wp\/v2\/posts\/7673\/revisions\/7675"}],"wp:featuredmedia":[{"embeddable":true,"href":"http:\/\/freelance-mty.com\/index.php?rest_route=\/wp\/v2\/media\/7674"}],"wp:attachment":[{"href":"http:\/\/freelance-mty.com\/index.php?rest_route=%2Fwp%2Fv2%2Fmedia&parent=7673"}],"wp:term":[{"taxonomy":"category","embeddable":true,"href":"http:\/\/freelance-mty.com\/index.php?rest_route=%2Fwp%2Fv2%2Fcategories&post=7673"},{"taxonomy":"post_tag","embeddable":true,"href":"http:\/\/freelance-mty.com\/index.php?rest_route=%2Fwp%2Fv2%2Ftags&post=7673"}],"curies":[{"name":"wp","href":"https:\/\/api.w.org\/{rel}","templated":true}]}}