{"id":7858,"date":"2020-12-05T00:50:26","date_gmt":"2020-12-05T00:50:26","guid":{"rendered":"http:\/\/freelance-mty.com\/?p=7858"},"modified":"2020-12-05T00:50:28","modified_gmt":"2020-12-05T00:50:28","slug":"seleccionan-terna-para-medalla-fray-servando-teresa-de-mier","status":"publish","type":"post","link":"http:\/\/freelance-mty.com\/?p=7858","title":{"rendered":"Seleccionan terna para Medalla \u201cFray Servando Teresa de Mier\u201d"},"content":{"rendered":"\n<p>La Comisi\u00f3n de Educaci\u00f3n, Cultura y Deporte del Congreso del Estado seleccion\u00f3 una terna de candidatos para recibir la Medalla de Honor \u201cFray Servando Teresa de Mier\u201d en su edici\u00f3n 2020.<\/p>\n\n\n\n<p>La Medalla se entrega a los nuevoleoneses por sus acciones notables de servicio al Estado o de la comunidad, inform\u00f3 la diputada Lupita Rodr\u00edguez Mart\u00ednez, presidenta de la Comisi\u00f3n.<\/p>\n\n\n\n<p>Adem\u00e1s, por sus m\u00e9ritos eminentes o distinguidos, por su conducta, trayectoria ejemplar o actos especialmente relevantes.<\/p>\n\n\n\n<p>Los candidatos seleccionados son:&nbsp;El ingeniero Antonio Jos\u00e9 Dieck Assad, ex Rector de la Universidad de Monterrey (UDEM), quien fue propuesto por el maestro Rogelio Garza Rivera, Rector de la Universidad Aut\u00f3noma de Nuevo Le\u00f3n (UANL).<\/p>\n\n\n\n<p>El contador p\u00fablico David Noel Ram\u00edrez Padilla, ex rector del Tecnol\u00f3gico de Monterrey, propuesto por el doctor David Alejandro Garza Salazar, rector del Instituto Tecnol\u00f3gico y de Estudios Superior de Monterrey (ITESM).<\/p>\n\n\n\n<p>El licenciado Fernando Ancira Flores, ex delegado del Instituto Nacional de Protecci\u00f3n al Adulto Mayor, propuesto por Pablo Villarreal Garza, de la Fundaci\u00f3n Villacero; por Mar\u00eda Teresa Villarreal de Dillon, de la Asociaci\u00f3n Alzheimer de Monterrey y, por Mar\u00eda Elena Chapa Hern\u00e1ndez, impulsora de la igualdad de g\u00e9nero.<\/p>\n\n\n\n<p>La pr\u00f3xima semana la Comisi\u00f3n de Educaci\u00f3n, Cultura y Deporte someter\u00e1 a votaci\u00f3n del Pleno del Congreso el proyecto de acuerdo para designar al candidato merecedor de la Medalla.<\/p>\n\n\n\n<p><strong>GARANTIZAR\u00c1N EDUCACI\u00d3N A ESTUDIANTES EMBARAZADAS<\/strong><\/p>\n\n\n\n<p>Ninguna instituci\u00f3n educativa del nivel b\u00e1sico, medio superior y superior de Nuevo Le\u00f3n podr\u00e1 negar la inscripci\u00f3n, el acceso y la permanencia a estudiantes embarazadas o en per\u00edodo de lactancia materna.<\/p>\n\n\n\n<p>Mediante esta reforma a la Ley de Educaci\u00f3n del Estado se busca garantizar el derecho a la educaci\u00f3n y brindarles la protecci\u00f3n y las facilidades apropiadas para su permanencia o reingreso.<\/p>\n\n\n\n<p>As\u00ed lo inform\u00f3 la diputada Lupita Rodr\u00edguez Mart\u00ednez, presidenta de la Comisi\u00f3n de Educaci\u00f3n, Cultura y Deporte, tras ser aprobada la iniciativa de reforma al art\u00edculo 13 de la Ley de Educaci\u00f3n.<\/p>\n\n\n\n<p>Se\u00f1al\u00f3 que el embarazo irrumpe en la vida del adolescente en momentos que todav\u00eda no alcanza la madurez f\u00edsica y mental, siendo forzada a truncar sus estudios.<\/p>\n\n\n\n<p>\u201cConsideramos necesario reforzar las pol\u00edticas p\u00fablicas para garantizar el derecho a la educaci\u00f3n y para que la Autoridad Educativa tome las medidas tendientes a evitar la deserci\u00f3n escolar por este motivo\u201d, dijo.<\/p>\n\n\n\n<p>La iniciativa de reforma fue promovida por el diputado Juan Carlos Leal Segovia y el proyecto de Decreto ser\u00e1 discutido y votado por el Pleno del Congreso la semana pr\u00f3xima.<\/p>\n\n\n\n<p><strong>DECLARAR\u00c1N 2021 A\u00d1O DEL CENTENARIO DE SEP<\/strong><\/p>\n\n\n\n<p>El pr\u00f3ximo 2021 ser\u00e1 declarado como el a\u00f1o del Centenario de la Secretar\u00eda de Educaci\u00f3n P\u00fablica.<\/p>\n\n\n\n<p>As\u00ed lo acord\u00f3 la Comisi\u00f3n de Educaci\u00f3n, Cultura y Deporte del Congreso del Estado en reconocimiento a los 100 a\u00f1os de creaci\u00f3n de la SEP.<\/p>\n\n\n\n<p>La diputada presidenta de la Comisi\u00f3n, Lupita Rodr\u00edguez Mart\u00ednez, consider\u00f3 no s\u00f3lo importante, sino necesario reconocer a la SEP, por llevar la educaci\u00f3n a todos los rincones del pa\u00eds.<\/p>\n\n\n\n<p>El proyecto de Decreto contempla que a partir del 1 de enero sea inscrita la leyenda \u201c2021, Centenario de la Secretar\u00eda de Educaci\u00f3n P\u00fablica\u201d, en toda la papeler\u00eda oficial.<\/p>\n\n\n\n<p>Refiri\u00f3 que ser\u00eda todo documento de los tres poderes del gobierno estatal y de las instituciones educativas del Estado.<\/p>\n\n\n\n<p>La propuesta fue promovida por la diputada Mar\u00eda Dolores Leal Cant\u00fa, coordinadora del Grupo Legislativo Nueva Alianza, y se pondr\u00eda a discusi\u00f3n y votaci\u00f3n del Pleno la semana entrante.<\/p>\n","protected":false},"excerpt":{"rendered":"<p>La Comisi\u00f3n de Educaci\u00f3n, Cultura y Deporte del Congreso del Estado seleccion\u00f3 una terna de candidatos para recibir la Medalla&#8230;<\/p>\n","protected":false},"author":1,"featured_media":7859,"comment_status":"open","ping_status":"open","sticky":false,"template":"","format":"standard","meta":[],"categories":[7],"tags":[],"_links":{"self":[{"href":"http:\/\/freelance-mty.com\/index.php?rest_route=\/wp\/v2\/posts\/7858"}],"collection":[{"href":"http:\/\/freelance-mty.com\/index.php?rest_route=\/wp\/v2\/posts"}],"about":[{"href":"http:\/\/freelance-mty.com\/index.php?rest_route=\/wp\/v2\/types\/post"}],"author":[{"embeddable":true,"href":"http:\/\/freelance-mty.com\/index.php?rest_route=\/wp\/v2\/users\/1"}],"replies":[{"embeddable":true,"href":"http:\/\/freelance-mty.com\/index.php?rest_route=%2Fwp%2Fv2%2Fcomments&post=7858"}],"version-history":[{"count":1,"href":"http:\/\/freelance-mty.com\/index.php?rest_route=\/wp\/v2\/posts\/7858\/revisions"}],"predecessor-version":[{"id":7860,"href":"http:\/\/freelance-mty.com\/index.php?rest_route=\/wp\/v2\/posts\/7858\/revisions\/7860"}],"wp:featuredmedia":[{"embeddable":true,"href":"http:\/\/freelance-mty.com\/index.php?rest_route=\/wp\/v2\/media\/7859"}],"wp:attachment":[{"href":"http:\/\/freelance-mty.com\/index.php?rest_route=%2Fwp%2Fv2%2Fmedia&parent=7858"}],"wp:term":[{"taxonomy":"category","embeddable":true,"href":"http:\/\/freelance-mty.com\/index.php?rest_route=%2Fwp%2Fv2%2Fcategories&post=7858"},{"taxonomy":"post_tag","embeddable":true,"href":"http:\/\/freelance-mty.com\/index.php?rest_route=%2Fwp%2Fv2%2Ftags&post=7858"}],"curies":[{"name":"wp","href":"https:\/\/api.w.org\/{rel}","templated":true}]}}