{"id":7937,"date":"2020-12-10T03:27:52","date_gmt":"2020-12-10T03:27:52","guid":{"rendered":"http:\/\/freelance-mty.com\/?p=7937"},"modified":"2020-12-10T03:27:53","modified_gmt":"2020-12-10T03:27:53","slug":"reinstalan-virgen-en-rio-santa-catarina","status":"publish","type":"post","link":"http:\/\/freelance-mty.com\/?p=7937","title":{"rendered":"Reinstalan Virgen en R\u00edo Santa Catarina"},"content":{"rendered":"\n<p>El Gobierno de Monterrey apoy\u00f3 la madrugada de este mi\u00e9rcoles a la Arquidi\u00f3cesis de la ciudad, en la reinstalaci\u00f3n de la escultura met\u00e1lica de la Virgen de Guadalupe en los m\u00e1rgenes del R\u00edo Santa Catarina.<\/p>\n\n\n\n<p>A trav\u00e9s de la secretar\u00eda de Seguridad P\u00fablica y Vialidad, se mantuvieron cierres viales aproximadamente durante 10 horas en los carriles expr\u00e9s de la avenida Constituci\u00f3n a la altura de la colonia Obispado y otros que se aplicaron en Constituci\u00f3n y Profesor Ram\u00edrez y en su cruce con Ju\u00e1rez, con Gonzalitos, en el carril de contraflujo de Constituci\u00f3n de San Jer\u00f3nimo a Venustiano Carranza, as\u00ed como en el cruce Morones Prieto y P\u00edo X.<\/p>\n\n\n\n<p>Aunque las labores de reincorporaci\u00f3n culminaron antes del amanecer, las maniobras para el retiro de las gr\u00faas y materiales utilizados en el \u00e1rea concluy\u00f3 despu\u00e9s de las ocho horas de este d\u00eda.<\/p>\n\n\n\n<p>El gobierno de Monterrey tambi\u00e9n colabor\u00f3 para rescatar la imagen de la Virgen que estuvo enterrada en el lecho del r\u00edo durante una d\u00e9cada y el cinco de noviembre, la secretar\u00eda de Obras P\u00fablicas municipal arranc\u00f3 la construcci\u00f3n de un sendero peatonal en el talud Norte del r\u00edo.<\/p>\n\n\n\n<p>Tambi\u00e9n se instal\u00f3 un muro de contenci\u00f3n, reja y barandal en ambos lados del camino.<\/p>\n\n\n\n<p>El \u00e1rea peatonal era de terracer\u00eda, y se determin\u00f3 hacer la banqueta para darle estabilidad y brindar seguridad a los creyentes que asistan a admirar la escultura.<\/p>\n\n\n\n<p>La imagen de la virgen de 12 metros de altura, fue derribada de su lugar el primero de julio de 2010 por la crecida del r\u00edo tras el paso del hurac\u00e1n \u201cAlex\u201d y resurgi\u00f3 del lecho luego del embate del hurac\u00e1n Hanna el 26 de julio pasado.<\/p>\n\n\n\n<p>Fue rescatada tras una semana de labores manuales por parte de trabajadores de la secretar\u00eda de Servicios P\u00fablicos de Monterrey; luego fue limpiada y reconstruida en una empresa acerera.<\/p>\n\n\n\n<p>Hoy se encuentra de nuevo a un lado de la cruz, donde se coloc\u00f3 en mayo de 1990, para la celebraci\u00f3n de una misa del entonces Papa Juan Pablo Segundo en su \u00faltima visita a esta capital.<\/p>\n","protected":false},"excerpt":{"rendered":"<p>El Gobierno de Monterrey apoy\u00f3 la madrugada de este mi\u00e9rcoles a la Arquidi\u00f3cesis de la ciudad, en la reinstalaci\u00f3n de&#8230;<\/p>\n","protected":false},"author":1,"featured_media":7938,"comment_status":"open","ping_status":"open","sticky":false,"template":"","format":"standard","meta":[],"categories":[3,7],"tags":[],"_links":{"self":[{"href":"http:\/\/freelance-mty.com\/index.php?rest_route=\/wp\/v2\/posts\/7937"}],"collection":[{"href":"http:\/\/freelance-mty.com\/index.php?rest_route=\/wp\/v2\/posts"}],"about":[{"href":"http:\/\/freelance-mty.com\/index.php?rest_route=\/wp\/v2\/types\/post"}],"author":[{"embeddable":true,"href":"http:\/\/freelance-mty.com\/index.php?rest_route=\/wp\/v2\/users\/1"}],"replies":[{"embeddable":true,"href":"http:\/\/freelance-mty.com\/index.php?rest_route=%2Fwp%2Fv2%2Fcomments&post=7937"}],"version-history":[{"count":1,"href":"http:\/\/freelance-mty.com\/index.php?rest_route=\/wp\/v2\/posts\/7937\/revisions"}],"predecessor-version":[{"id":7939,"href":"http:\/\/freelance-mty.com\/index.php?rest_route=\/wp\/v2\/posts\/7937\/revisions\/7939"}],"wp:featuredmedia":[{"embeddable":true,"href":"http:\/\/freelance-mty.com\/index.php?rest_route=\/wp\/v2\/media\/7938"}],"wp:attachment":[{"href":"http:\/\/freelance-mty.com\/index.php?rest_route=%2Fwp%2Fv2%2Fmedia&parent=7937"}],"wp:term":[{"taxonomy":"category","embeddable":true,"href":"http:\/\/freelance-mty.com\/index.php?rest_route=%2Fwp%2Fv2%2Fcategories&post=7937"},{"taxonomy":"post_tag","embeddable":true,"href":"http:\/\/freelance-mty.com\/index.php?rest_route=%2Fwp%2Fv2%2Ftags&post=7937"}],"curies":[{"name":"wp","href":"https:\/\/api.w.org\/{rel}","templated":true}]}}