{"id":8268,"date":"2021-02-03T03:52:27","date_gmt":"2021-02-03T03:52:27","guid":{"rendered":"http:\/\/freelance-mty.com\/?p=8268"},"modified":"2021-02-03T03:52:28","modified_gmt":"2021-02-03T03:52:28","slug":"se-registra-rafael-paz-a-la-alcaldia-de-santiago","status":"publish","type":"post","link":"http:\/\/freelance-mty.com\/?p=8268","title":{"rendered":"Se registra Rafael Paz a la alcald\u00eda de Santiago"},"content":{"rendered":"\n<p>El exedil de Santiago, Rafael Paz Fern\u00e1ndez, anunci\u00f3 que se registr\u00f3 como precandidato a la alcald\u00eda de este municipio, por la Coalici\u00f3n Juntos Haremos Historia en Nuevo Le\u00f3n.<\/p>\n\n\n\n<p>En rueda de prensa, Paz Fern\u00e1ndez indic\u00f3 que \u201cla gente est\u00e1 muy contenta con los programas del gobierno federal, hay mucho bienestar. Soy un hombre de trabajo estricto, soy un hombre honesto\u201d.<\/p>\n\n\n\n<p>La elecci\u00f3n del candidato ser\u00e1 a encuesta abierta a la poblaci\u00f3n de Santiago y Rafa Paz espera tener su respaldo y confianza.<\/p>\n\n\n\n<p>El exalcalde en el periodo 2006-2009, mencion\u00f3 que a la candidata a la gubernatura por la Coalici\u00f3n, Clara Luz Flores, la aprecia, ya que es su amiga de a\u00f1os e, independiente del resultado en Santiago, apoyar\u00e1 su proyecto, ya que es una mujer valiosa y que vale mucho la pena.<\/p>\n","protected":false},"excerpt":{"rendered":"<p>El exedil de Santiago, Rafael Paz Fern\u00e1ndez, anunci\u00f3 que se registr\u00f3 como precandidato a la alcald\u00eda de este municipio, por&#8230;<\/p>\n","protected":false},"author":1,"featured_media":8269,"comment_status":"open","ping_status":"open","sticky":false,"template":"","format":"standard","meta":[],"categories":[3,8,7],"tags":[],"_links":{"self":[{"href":"http:\/\/freelance-mty.com\/index.php?rest_route=\/wp\/v2\/posts\/8268"}],"collection":[{"href":"http:\/\/freelance-mty.com\/index.php?rest_route=\/wp\/v2\/posts"}],"about":[{"href":"http:\/\/freelance-mty.com\/index.php?rest_route=\/wp\/v2\/types\/post"}],"author":[{"embeddable":true,"href":"http:\/\/freelance-mty.com\/index.php?rest_route=\/wp\/v2\/users\/1"}],"replies":[{"embeddable":true,"href":"http:\/\/freelance-mty.com\/index.php?rest_route=%2Fwp%2Fv2%2Fcomments&post=8268"}],"version-history":[{"count":1,"href":"http:\/\/freelance-mty.com\/index.php?rest_route=\/wp\/v2\/posts\/8268\/revisions"}],"predecessor-version":[{"id":8270,"href":"http:\/\/freelance-mty.com\/index.php?rest_route=\/wp\/v2\/posts\/8268\/revisions\/8270"}],"wp:featuredmedia":[{"embeddable":true,"href":"http:\/\/freelance-mty.com\/index.php?rest_route=\/wp\/v2\/media\/8269"}],"wp:attachment":[{"href":"http:\/\/freelance-mty.com\/index.php?rest_route=%2Fwp%2Fv2%2Fmedia&parent=8268"}],"wp:term":[{"taxonomy":"category","embeddable":true,"href":"http:\/\/freelance-mty.com\/index.php?rest_route=%2Fwp%2Fv2%2Fcategories&post=8268"},{"taxonomy":"post_tag","embeddable":true,"href":"http:\/\/freelance-mty.com\/index.php?rest_route=%2Fwp%2Fv2%2Ftags&post=8268"}],"curies":[{"name":"wp","href":"https:\/\/api.w.org\/{rel}","templated":true}]}}