{"id":9427,"date":"2021-06-09T16:46:52","date_gmt":"2021-06-09T16:46:52","guid":{"rendered":"http:\/\/freelance-mty.com\/?p=9427"},"modified":"2021-06-09T16:48:57","modified_gmt":"2021-06-09T16:48:57","slug":"muere-hombre-electrocutado-en-santa-catarina-deja-sin-luz-a-colonias","status":"publish","type":"post","link":"http:\/\/freelance-mty.com\/?p=9427","title":{"rendered":"MUERE HOMBRE ELECTROCUTADO EN SANTA CATARINA, DEJA SIN LUZ A COLONIAS"},"content":{"rendered":"<p>Protecci\u00f3n Civil de Santa Catarina inform\u00f3 la tarde de este martes que la desafortunada muerte de un hombre ocasion\u00f3 un apag\u00f3n en diversas colonias del municipio.<\/p>\n<p>Y es que de acuerdo a los reportes el ahora occiso se encontraba al interior de un registro de la Comisi\u00f3n Federal de Electricidad por lo que se presume que pretend\u00eda robar cableado.<\/p>\n<p>Fue una llamada an\u00f3nima al 911 la que report\u00f3 gritos de una persona del sexo masculino al interior del registro de la CFE, ubicado en la calle San Pedro de la colonia San Francisco de dicho municipio.<\/p>\n<p>Hasta el lugar se trasladaron unidades de rescate de Protecci\u00f3n Civil Municipal, as\u00ed como de bomberos y de la CFE, quienes corroboraron el deceso de una persona electrocutada en interior de registro.<\/p>\n<p>Debido a este incidente varias colonias se vieron afectadas por el corte de energ\u00eda el\u00e9ctrica por m\u00e1s de una hora durante la tarde, siendo algunas Lomas Alta, Prados de Santa Catarina y Misi\u00f3n de Santa Catarina, entre otras.<\/p>\n","protected":false},"excerpt":{"rendered":"<p>Protecci\u00f3n Civil de Santa Catarina inform\u00f3 la tarde de este martes que la desafortunada muerte de un hombre ocasion\u00f3 un&#8230;<\/p>\n","protected":false},"author":1,"featured_media":9430,"comment_status":"open","ping_status":"open","sticky":false,"template":"","format":"standard","meta":[],"categories":[8],"tags":[],"_links":{"self":[{"href":"http:\/\/freelance-mty.com\/index.php?rest_route=\/wp\/v2\/posts\/9427"}],"collection":[{"href":"http:\/\/freelance-mty.com\/index.php?rest_route=\/wp\/v2\/posts"}],"about":[{"href":"http:\/\/freelance-mty.com\/index.php?rest_route=\/wp\/v2\/types\/post"}],"author":[{"embeddable":true,"href":"http:\/\/freelance-mty.com\/index.php?rest_route=\/wp\/v2\/users\/1"}],"replies":[{"embeddable":true,"href":"http:\/\/freelance-mty.com\/index.php?rest_route=%2Fwp%2Fv2%2Fcomments&post=9427"}],"version-history":[{"count":1,"href":"http:\/\/freelance-mty.com\/index.php?rest_route=\/wp\/v2\/posts\/9427\/revisions"}],"predecessor-version":[{"id":9428,"href":"http:\/\/freelance-mty.com\/index.php?rest_route=\/wp\/v2\/posts\/9427\/revisions\/9428"}],"wp:featuredmedia":[{"embeddable":true,"href":"http:\/\/freelance-mty.com\/index.php?rest_route=\/wp\/v2\/media\/9430"}],"wp:attachment":[{"href":"http:\/\/freelance-mty.com\/index.php?rest_route=%2Fwp%2Fv2%2Fmedia&parent=9427"}],"wp:term":[{"taxonomy":"category","embeddable":true,"href":"http:\/\/freelance-mty.com\/index.php?rest_route=%2Fwp%2Fv2%2Fcategories&post=9427"},{"taxonomy":"post_tag","embeddable":true,"href":"http:\/\/freelance-mty.com\/index.php?rest_route=%2Fwp%2Fv2%2Ftags&post=9427"}],"curies":[{"name":"wp","href":"https:\/\/api.w.org\/{rel}","templated":true}]}}