{"id":9782,"date":"2021-06-21T22:53:00","date_gmt":"2021-06-21T22:53:00","guid":{"rendered":"http:\/\/freelance-mty.com\/?p=9782"},"modified":"2021-06-28T22:54:52","modified_gmt":"2021-06-28T22:54:52","slug":"pide-pri-fecha-exacta-para-regreso-a-clases-presenciales","status":"publish","type":"post","link":"http:\/\/freelance-mty.com\/?p=9782","title":{"rendered":"Pide PRI fecha exacta para regreso a clases presenciales"},"content":{"rendered":"\n<p>Ante la incertidumbre en la que viven los estudiantes y padres de familia por el regreso a clases, el Grupo Legislativo del PRI, a trav\u00e9s de la Diputada Alejandra Lara Maiz, exhort\u00f3 al titular del Poder Ejecutivo a establecer una fecha exacta y pronta para que los alumnos de educaci\u00f3n b\u00e1sica acudan a los planteles de forma presencial.<\/p>\n\n\n\n<p>Despu\u00e9s de presentar un exhorto en la Oficial\u00eda de Partes del Congreso, la Legisladora local del PRI manifest\u00f3 que la pandemia sanitaria ocasion\u00f3 un rezago educativo alarmante entre las ni\u00f1as, ni\u00f1os y adolescentes que viven en sectores vulnerables que no tienen acceso a internet.<\/p>\n\n\n\n<p>\u201cEstamos solicitando que el Gobernador nos pueda dar una fecha concreta para el regreso a clases presenciales, para que ya no haya duda entre los padres de familia\u201d, manifest\u00f3 la integrante de la bancada del PRI.<\/p>\n\n\n\n<p>\u201cQueremos que las Secretar\u00edas de Educaci\u00f3n y Salud nos den respuestas para ver cu\u00e1ndo vamos a poder tener a nuestros ni\u00f1os presencialmente en las escuelas de Nuevo Le\u00f3n. El Gobierno del Estado ha sido muy pasivo, la entidad siempre ha sido punta de lanza en educaci\u00f3n y, actualmente, tenemos un rezago enorme, ya que, hay muchos ni\u00f1os fuera de la escuela y hay que tratar de reingresarlos\u201d, agreg\u00f3.<\/p>\n\n\n\n<p>La tambi\u00e9n integrante de la Comisi\u00f3n de Educaci\u00f3n en el Poder Legislativo consider\u00f3 que los problemas de \u00edndole escolar, personal, f\u00edsico y emocional que est\u00e1n viviendo miles de ni\u00f1as, ni\u00f1os y adolescentes, hace necesario urgir al gobernador que se comiencen con las clases presenciales, lo antes posible.<\/p>\n","protected":false},"excerpt":{"rendered":"<p>Ante la incertidumbre en la que viven los estudiantes y padres de familia por el regreso a clases, el Grupo&#8230;<\/p>\n","protected":false},"author":1,"featured_media":9783,"comment_status":"open","ping_status":"open","sticky":false,"template":"","format":"standard","meta":[],"categories":[8],"tags":[],"_links":{"self":[{"href":"http:\/\/freelance-mty.com\/index.php?rest_route=\/wp\/v2\/posts\/9782"}],"collection":[{"href":"http:\/\/freelance-mty.com\/index.php?rest_route=\/wp\/v2\/posts"}],"about":[{"href":"http:\/\/freelance-mty.com\/index.php?rest_route=\/wp\/v2\/types\/post"}],"author":[{"embeddable":true,"href":"http:\/\/freelance-mty.com\/index.php?rest_route=\/wp\/v2\/users\/1"}],"replies":[{"embeddable":true,"href":"http:\/\/freelance-mty.com\/index.php?rest_route=%2Fwp%2Fv2%2Fcomments&post=9782"}],"version-history":[{"count":1,"href":"http:\/\/freelance-mty.com\/index.php?rest_route=\/wp\/v2\/posts\/9782\/revisions"}],"predecessor-version":[{"id":9784,"href":"http:\/\/freelance-mty.com\/index.php?rest_route=\/wp\/v2\/posts\/9782\/revisions\/9784"}],"wp:featuredmedia":[{"embeddable":true,"href":"http:\/\/freelance-mty.com\/index.php?rest_route=\/wp\/v2\/media\/9783"}],"wp:attachment":[{"href":"http:\/\/freelance-mty.com\/index.php?rest_route=%2Fwp%2Fv2%2Fmedia&parent=9782"}],"wp:term":[{"taxonomy":"category","embeddable":true,"href":"http:\/\/freelance-mty.com\/index.php?rest_route=%2Fwp%2Fv2%2Fcategories&post=9782"},{"taxonomy":"post_tag","embeddable":true,"href":"http:\/\/freelance-mty.com\/index.php?rest_route=%2Fwp%2Fv2%2Ftags&post=9782"}],"curies":[{"name":"wp","href":"https:\/\/api.w.org\/{rel}","templated":true}]}}