{"id":9890,"date":"2021-07-01T02:30:48","date_gmt":"2021-07-01T02:30:48","guid":{"rendered":"http:\/\/freelance-mty.com\/?p=9890"},"modified":"2021-07-01T02:33:19","modified_gmt":"2021-07-01T02:33:19","slug":"premia-cotai-a-ganadores-del-concurso-de-cortometraje","status":"publish","type":"post","link":"http:\/\/freelance-mty.com\/?p=9890","title":{"rendered":"PREMIA COTAI A GANADORES DEL CONCURSO DE CORTOMETRAJE"},"content":{"rendered":"\n<p>La Comisi\u00f3n de Transparencia y Acceso a la Informaci\u00f3n del Estado de Nuevo Le\u00f3n (COTAI) premio a los ganadores del 4\u00ba. Concurso de Cortometraje sobre Protecci\u00f3n de Datos Personales.<\/p>\n\n\n\n<p>\u201cNuestro objetivo principal como \u00f3rgano garante, radica en la generaci\u00f3n de una sociedad que comprenda la importancia del derecho fundamental a la protecci\u00f3n de datos personales, as\u00ed como el valor de la privacidad, y que, a la vez, arraigue una cultura de protecci\u00f3n de sus datos\u201d, dijo el comisionado presidente, Bernardo Sierra G\u00f3mez, en su mensaje de bienvenida al evento.<\/p>\n\n\n\n<p>\u201cEste certamen se ha convertido en una herramienta fundamental que nos brinda la oportunidad de difundir la importancia que representa la protecci\u00f3n de nuestros datos digitales y en las redes sociales\u201d.<\/p>\n\n\n\n<p>En esta edici\u00f3n del concurso, la COTAI recibi\u00f3 un total de 87 trabajos.<\/p>\n\n\n\n<p>\u201cLas actividades de difusi\u00f3n y concientizaci\u00f3n sobre este tema, como es el caso del Concurso de Cortometraje Sobre Protecci\u00f3n de Datos Personales, contribuyen a que la sociedad conozca a las instituciones encargadas de garantizar la protecci\u00f3n de su derecho fundamental, as\u00ed como las herramientas legales que existen para prevenir, o en su caso, sancionar las acciones que vulneran y ponen en riesgo nuestra privacidad\u201d, dijo Sierra G\u00f3mez.<\/p>\n\n\n\n<p>\u201cNuestro objetivo principal como \u00f3rgano garante, radica en la generaci\u00f3n de una sociedad que comprenda la importancia del derecho fundamental a la protecci\u00f3n de datos personales, as\u00ed como el valor de la privacidad, y que, a la vez arraigue una cultura de protecci\u00f3n de sus datos\u201d.<\/p>\n\n\n\n<p>El Comisionado Presidente coment\u00f3 que existen herramientas jur\u00eddicas especializadas en la protecci\u00f3n de nuestros datos.<\/p>\n\n\n\n<p>\u201cLa realidad nos muestra que, cada vez es m\u00e1s com\u00fan saber de casos de personas que han sufrido la vulneraci\u00f3n de su privacidad, ya sea a trav\u00e9s de fraudes<\/p>\n\n\n\n<p>mediante el uso inapropiado de su informaci\u00f3n personal, exhibici\u00f3n de informaci\u00f3n como fotograf\u00edas y video en medios electr\u00f3nico o bien hechos tan lamentables que han puesto en peligro la salud e integridad de las personas\u201d.<\/p>\n\n\n\n<p>Ante este panorama, apunt\u00f3, que es necesario que las legislaciones evolucionen de manera permanente, a fin de que atiendan los retos inform\u00e1ticos que d\u00eda a d\u00eda surgen en nuestro entorno.<\/p>\n\n\n\n<p>El jurado estuvo integrado por Ana Bertha Garza Guerra; Defensora Municipal de la Ciudad de Monterrey, Joaqu\u00edn Ram\u00edrez de la Cerda; secretario t\u00e9cnico del Comit\u00e9 Coordinador del Sistema Estatal Anticorrupci\u00f3n y \u00d3scar Yibrand Mart\u00ednez Mendieta, Productor de Multimedios Televisi\u00f3n.<\/p>\n\n\n\n<p>Asistieron tambi\u00e9n a la ceremonia la y el Comisionado Vocal, Mar\u00eda de los \u00c1ngeles Guzm\u00e1n Garc\u00eda y Francisco Guajardo Mart\u00ednez.<\/p>\n\n\n\n<p>A nombre del jurado, Ram\u00edrez de la Cerda felicit\u00f3 a los participantes y reconoci\u00f3 su inter\u00e9s de participar en un tema tan sensible a trav\u00e9s de algo que a los participantes les gusta hacer, la cinematograf\u00eda.<\/p>\n\n\n\n<p>El primer lugar correspondi\u00f3 al cortometraje Fantasmitas de Felipe Reyna Parra, mientras que el segundo lugar fue para el corto Desenga\u00f1o de \u00d3scar Enrique Ochoa Arroyo.<\/p>\n\n\n\n<p>En el tercer lugar se tuvo un empate, por lo cual los cortos premiados fueron Yo te ayudo de Jessica Sarabi Cota Mendoza, Luis Fabian Gameros Ledezma y M\u00f3nica Paulina Reyna Herrera<\/p>\n\n\n\n<p>As\u00ed como D\u00e9jame Conocerte de Aldo Iv\u00e1n Ponce Mancilla, Jorge Alejandro Herrera Ramos y V\u00edctor Israel Aguilar Carrillo.<\/p>\n\n\n\n<p>Los cortometrajes se difundir\u00e1n a trav\u00e9s de las redes oficiales de la COTA, para sensibilizar a la poblaci\u00f3n de un tema que requiere especial atenci\u00f3n por la sociedad<\/p>\n","protected":false},"excerpt":{"rendered":"<p>La Comisi\u00f3n de Transparencia y Acceso a la Informaci\u00f3n del Estado de Nuevo Le\u00f3n (COTAI) premio a los ganadores del&#8230;<\/p>\n","protected":false},"author":1,"featured_media":9893,"comment_status":"open","ping_status":"open","sticky":false,"template":"","format":"standard","meta":[],"categories":[8],"tags":[],"_links":{"self":[{"href":"http:\/\/freelance-mty.com\/index.php?rest_route=\/wp\/v2\/posts\/9890"}],"collection":[{"href":"http:\/\/freelance-mty.com\/index.php?rest_route=\/wp\/v2\/posts"}],"about":[{"href":"http:\/\/freelance-mty.com\/index.php?rest_route=\/wp\/v2\/types\/post"}],"author":[{"embeddable":true,"href":"http:\/\/freelance-mty.com\/index.php?rest_route=\/wp\/v2\/users\/1"}],"replies":[{"embeddable":true,"href":"http:\/\/freelance-mty.com\/index.php?rest_route=%2Fwp%2Fv2%2Fcomments&post=9890"}],"version-history":[{"count":1,"href":"http:\/\/freelance-mty.com\/index.php?rest_route=\/wp\/v2\/posts\/9890\/revisions"}],"predecessor-version":[{"id":9891,"href":"http:\/\/freelance-mty.com\/index.php?rest_route=\/wp\/v2\/posts\/9890\/revisions\/9891"}],"wp:featuredmedia":[{"embeddable":true,"href":"http:\/\/freelance-mty.com\/index.php?rest_route=\/wp\/v2\/media\/9893"}],"wp:attachment":[{"href":"http:\/\/freelance-mty.com\/index.php?rest_route=%2Fwp%2Fv2%2Fmedia&parent=9890"}],"wp:term":[{"taxonomy":"category","embeddable":true,"href":"http:\/\/freelance-mty.com\/index.php?rest_route=%2Fwp%2Fv2%2Fcategories&post=9890"},{"taxonomy":"post_tag","embeddable":true,"href":"http:\/\/freelance-mty.com\/index.php?rest_route=%2Fwp%2Fv2%2Ftags&post=9890"}],"curies":[{"name":"wp","href":"https:\/\/api.w.org\/{rel}","templated":true}]}}